{"id":20351,"date":"2019-02-20T23:00:31","date_gmt":"2019-02-21T02:00:31","guid":{"rendered":"http:\/\/www.yungayino.cl\/noticias\/?p=20351"},"modified":"2019-02-21T00:12:16","modified_gmt":"2019-02-21T03:12:16","slug":"700-duenas-de-casas-de-tucapel-disfrutan-de-vacaciones-sonadas-en-valdivia","status":"publish","type":"post","link":"https:\/\/www.yungayino.cl\/noticias\/?p=20351","title":{"rendered":"700 Due\u00f1as de Casas de Tucapel Disfrutan de Vacaciones So\u00f1adas en Valdivia"},"content":{"rendered":"<p><img loading=\"lazy\" decoding=\"async\" class=\"alignnone size-full wp-image-20352\" src=\"http:\/\/www.yungayino.cl\/noticias\/wp-content\/uploads\/2019\/02\/tucapel_valdivia.jpg\" alt=\"\" width=\"700\" height=\"351\" srcset=\"https:\/\/www.yungayino.cl\/noticias\/wp-content\/uploads\/2019\/02\/tucapel_valdivia.jpg 700w, https:\/\/www.yungayino.cl\/noticias\/wp-content\/uploads\/2019\/02\/tucapel_valdivia-300x150.jpg 300w, https:\/\/www.yungayino.cl\/noticias\/wp-content\/uploads\/2019\/02\/tucapel_valdivia-299x150.jpg 299w\" sizes=\"auto, (max-width: 700px) 100vw, 700px\" \/><\/p>\n<p style=\"text-align: justify;\">Tucapel, mi\u00e9rcoles 20 de febrero 2019: Unas felices vacaciones en la hermosa ciudad fluvial de Valdivia est\u00e1n disfrutando las mujeres, en su mayor\u00eda due\u00f1as de casa, de la comuna de Tucapel.<\/p>\n<p style=\"text-align: justify;\">La Municipalidad de Tucapel financia este plan de viajes para 700 mujeres de las localidades de Tucapel, Trup\u00e1n, Villa Rastrojos, Polcura, Hu\u00e9pil y zonas rurales. El servicio incluye traslados, alojamiento, alimentaci\u00f3n y un entretenido tour por el mercado fluvial, el Parque Saval, Corral, Niebla y Los Molinos. Las salidas comenzaron el 14 de febrero y culminan este 21 de febrero. Las beneficiadas pasan un tiempo de alegr\u00eda y relajo fuera de casa y lejos de la rutina diaria.<\/p>\n<p style=\"text-align: justify;\"><iframe loading=\"lazy\" style=\"border: none; overflow: hidden;\" src=\"https:\/\/www.facebook.com\/plugins\/post.php?href=https:\/\/www.facebook.com\/media\/set\/?set=a.2493597027321988&amp;type=1&amp;l=f0b34dafd3&amp;l=a77e327dc6&amp;l=f5951f1994&amp;l=bfecbb8adf&amp;l=687b6bf5da&amp;width=500&amp;show_text=true&amp;height=691&amp;appId\" width=\"500\" height=\"691\" frameborder=\"0\" scrolling=\"no\"><\/iframe><\/p>\n<p style=\"text-align: justify;\">El paseo por el sur reviste una gran importancia para las vecinas, quienes agradecieron al municipio por hacer realidad un tour que consideraron era dif\u00edcil lograr por sus medios. Las beneficiadas se manifestaron felices de realizar este viaje y conocer una zona tan hermosa de nuestro pa\u00eds.<\/p>\n<p style=\"text-align: justify;\">Para <strong>Ver\u00f3nica Jaque Ru\u00edz<\/strong>, residente de Hu\u00e9pil, la experiencia vivida ha superado sus expectativas: \u201cpara m\u00ed, este viaje ha sido excelente, una muy buena oportunidad de poder salir, disfrutar del sur de Chile en esta ocasi\u00f3n y lo hemos pasado muy bien con un grupo de amigas. Las se\u00f1oras tambi\u00e9n son muy cordiales. Un paseo muy hermoso, hemos aprovechado de conocer porque Corral no lo conoc\u00eda\u201d.<\/p>\n<p style=\"text-align: justify;\">Por su parte, <strong>Luz Ib\u00e1\u00f1ez Mart\u00ednez<\/strong> de Tucapel explic\u00f3 que \u201cel paseo me pareci\u00f3 muy bueno, muy buena atenci\u00f3n y bonito el lugar, nada que decir, me voy encantada de ac\u00e1, y de toda la gente. Estoy agradecida, de todas maneras, de todo, del municipio, del alcalde, preocupado por nosotras, las due\u00f1as de casa, nada que decir\u201d.<\/p>\n<p style=\"text-align: justify;\">En los \u00faltimos tres veranos las mujeres de la comuna de Tucapel han tenido la gran opci\u00f3n de conocer lugares tur\u00edsticos, hist\u00f3ricos y culturales de la Isla de Chilo\u00e9, Valpara\u00edso, Vi\u00f1a del Mar y ahora Valdivia.<\/p>\n<p style=\"text-align: justify;\">El alcalde <strong>Jaime Veloso<\/strong> coment\u00f3 que este programa busca darle vacaciones de dos d\u00edas a las due\u00f1as de casa que no tienen otra opci\u00f3n de romper la rutina del hogar. Agreg\u00f3 que el sentido de las giras apunta a mejorar la calidad de vida de las due\u00f1as de casa, muchas de las cuales salen de sus casas y disfrutan de vacaciones que nunca pensaron tener durante este verano 2019.<\/p>\n<p style=\"text-align: justify;\">Cabe destacar que estos viajes se realizan con una param\u00e9dico por grupo, la que acompa\u00f1a a las mujeres en sus recorridos, adem\u00e1s de funcionarias de la Direcci\u00f3n de Desarrollo Comunitario de la Municipalidad de Tucapel para guiar y coordinar todas las etapas de las giras.<\/p>\n<p style=\"text-align: justify;\">[su_button url=\u00bbhttps:\/\/www.facebook.com\/media\/set\/?set=a.2493597027321988&amp;type=1&amp;l=f0b34dafd3&#8243; target=\u00bbblank\u00bb size=\u00bb7&#8243; radius=\u00bbround\u00bb icon=\u00bbicon: facebook-square\u00bb]FOTOGRAF\u00cdAS &#8211; 700 Due\u00f1as de Casas de Tucapel Disfrutan de Vacaciones So\u00f1adas en Valdivia[\/su_button]<\/p>\n","protected":false},"excerpt":{"rendered":"<p>Tucapel, mi\u00e9rcoles 20 de febrero 2019: Unas felices vacaciones en la hermosa ciudad fluvial de Valdivia est\u00e1n disfrutando las mujeres, en su mayor\u00eda due\u00f1as de casa, de la comuna de Tucapel. La Municipalidad de&#46;&#46;&#46;<\/p>\n","protected":false},"author":2,"featured_media":20352,"comment_status":"closed","ping_status":"open","sticky":false,"template":"","format":"standard","meta":{"footnotes":""},"categories":[1],"tags":[1115,104,6,117],"class_list":["post-20351","post","type-post","status-publish","format-standard","has-post-thumbnail","hentry","category-noticias","tag-noticias","tag-tucapel","tag-yungayino","tag-yungayinocl"],"_links":{"self":[{"href":"https:\/\/www.yungayino.cl\/noticias\/index.php?rest_route=\/wp\/v2\/posts\/20351","targetHints":{"allow":["GET"]}}],"collection":[{"href":"https:\/\/www.yungayino.cl\/noticias\/index.php?rest_route=\/wp\/v2\/posts"}],"about":[{"href":"https:\/\/www.yungayino.cl\/noticias\/index.php?rest_route=\/wp\/v2\/types\/post"}],"author":[{"embeddable":true,"href":"https:\/\/www.yungayino.cl\/noticias\/index.php?rest_route=\/wp\/v2\/users\/2"}],"replies":[{"embeddable":true,"href":"https:\/\/www.yungayino.cl\/noticias\/index.php?rest_route=%2Fwp%2Fv2%2Fcomments&post=20351"}],"version-history":[{"count":1,"href":"https:\/\/www.yungayino.cl\/noticias\/index.php?rest_route=\/wp\/v2\/posts\/20351\/revisions"}],"predecessor-version":[{"id":20353,"href":"https:\/\/www.yungayino.cl\/noticias\/index.php?rest_route=\/wp\/v2\/posts\/20351\/revisions\/20353"}],"wp:featuredmedia":[{"embeddable":true,"href":"https:\/\/www.yungayino.cl\/noticias\/index.php?rest_route=\/wp\/v2\/media\/20352"}],"wp:attachment":[{"href":"https:\/\/www.yungayino.cl\/noticias\/index.php?rest_route=%2Fwp%2Fv2%2Fmedia&parent=20351"}],"wp:term":[{"taxonomy":"category","embeddable":true,"href":"https:\/\/www.yungayino.cl\/noticias\/index.php?rest_route=%2Fwp%2Fv2%2Fcategories&post=20351"},{"taxonomy":"post_tag","embeddable":true,"href":"https:\/\/www.yungayino.cl\/noticias\/index.php?rest_route=%2Fwp%2Fv2%2Ftags&post=20351"}],"curies":[{"name":"wp","href":"https:\/\/api.w.org\/{rel}","templated":true}]}}