{"id":2037,"date":"2009-09-21T16:00:36","date_gmt":"2009-09-21T20:00:36","guid":{"rendered":"http:\/\/www.yungayino.cl\/noticias\/?p=2037"},"modified":"2009-09-21T17:17:32","modified_gmt":"2009-09-21T21:17:32","slug":"celebracion-aniversario-de-bomberos-de-campanario","status":"publish","type":"post","link":"https:\/\/www.yungayino.cl\/noticias\/?p=2037","title":{"rendered":"Celebraci\u00f3n Aniversario de Bomberos de Campanario"},"content":{"rendered":"<p><img decoding=\"async\" src=\"http:\/\/www.yungayino.cl\/imagenes\/aniversariobomberoscampanario.jpg\" alt=\"Celebraci\u00f3n Aniversario de Bomberos de Campanario\" \/><\/p>\n<p align=\"justify\"><font size=\"2\">Jueves 17 de septiembre a las 21:00 horas se efectu\u00f3 la celebraci\u00f3n de los 17 a\u00f1os de reconocimiento de la 3ra Compa\u00f1\u00eda de Bomberos de Campanario, la cual estuvo dirigida por el Director Jos\u00e9 Nabor S\u00e1ez Mora, junto a los voluntarios de la compa\u00f1\u00eda e invitados, entre los cuales se encontraban el Superintendente del Cuerpo de Bomberos de Yungay Israel Figueroa, junto a la comandancia.<br \/>\n<a href=\"http:\/\/www.yungayino.cl\/noticias\/?p=2037\">Comente Aqu\u00ed<\/a><br \/>\n<a href=\"http:\/\/www.flickr.com\/photos\/42613344@N03\/tags\/bomberoscampanario\/\">Fotograf\u00edas<\/a><\/font><\/p>\n","protected":false},"excerpt":{"rendered":"<p>Jueves 17 de septiembre a las 21:00 horas se efectu\u00f3 la celebraci\u00f3n de los 17 a\u00f1os de reconocimiento de la 3ra Compa\u00f1\u00eda de Bomberos de Campanario, la cual estuvo dirigida por el Director Jos\u00e9&#46;&#46;&#46;<\/p>\n","protected":false},"author":2,"featured_media":15115,"comment_status":"open","ping_status":"open","sticky":false,"template":"","format":"standard","meta":{"footnotes":""},"categories":[1],"tags":[31,1115,6],"class_list":["post-2037","post","type-post","status-publish","format-standard","has-post-thumbnail","hentry","category-noticias","tag-campanario","tag-noticias","tag-yungayino"],"_links":{"self":[{"href":"https:\/\/www.yungayino.cl\/noticias\/index.php?rest_route=\/wp\/v2\/posts\/2037","targetHints":{"allow":["GET"]}}],"collection":[{"href":"https:\/\/www.yungayino.cl\/noticias\/index.php?rest_route=\/wp\/v2\/posts"}],"about":[{"href":"https:\/\/www.yungayino.cl\/noticias\/index.php?rest_route=\/wp\/v2\/types\/post"}],"author":[{"embeddable":true,"href":"https:\/\/www.yungayino.cl\/noticias\/index.php?rest_route=\/wp\/v2\/users\/2"}],"replies":[{"embeddable":true,"href":"https:\/\/www.yungayino.cl\/noticias\/index.php?rest_route=%2Fwp%2Fv2%2Fcomments&post=2037"}],"version-history":[{"count":4,"href":"https:\/\/www.yungayino.cl\/noticias\/index.php?rest_route=\/wp\/v2\/posts\/2037\/revisions"}],"predecessor-version":[{"id":2041,"href":"https:\/\/www.yungayino.cl\/noticias\/index.php?rest_route=\/wp\/v2\/posts\/2037\/revisions\/2041"}],"wp:featuredmedia":[{"embeddable":true,"href":"https:\/\/www.yungayino.cl\/noticias\/index.php?rest_route=\/wp\/v2\/media\/15115"}],"wp:attachment":[{"href":"https:\/\/www.yungayino.cl\/noticias\/index.php?rest_route=%2Fwp%2Fv2%2Fmedia&parent=2037"}],"wp:term":[{"taxonomy":"category","embeddable":true,"href":"https:\/\/www.yungayino.cl\/noticias\/index.php?rest_route=%2Fwp%2Fv2%2Fcategories&post=2037"},{"taxonomy":"post_tag","embeddable":true,"href":"https:\/\/www.yungayino.cl\/noticias\/index.php?rest_route=%2Fwp%2Fv2%2Ftags&post=2037"}],"curies":[{"name":"wp","href":"https:\/\/api.w.org\/{rel}","templated":true}]}}