{"id":20382,"date":"2019-03-07T16:00:06","date_gmt":"2019-03-07T19:00:06","guid":{"rendered":"http:\/\/www.yungayino.cl\/noticias\/?p=20382"},"modified":"2019-03-07T17:12:53","modified_gmt":"2019-03-07T20:12:53","slug":"importante-autoridad-gremial-se-suma-al-curso-de-guia-turistico-que-imparte-el-pladetur-de-santa-lucia-bajo-de-yungay","status":"publish","type":"post","link":"https:\/\/www.yungayino.cl\/noticias\/?p=20382","title":{"rendered":"Importante Autoridad Gremial se Suma al Curso de Gu\u00eda Tur\u00edstico que Imparte el Pladetur de Santa Luc\u00eda Bajo de Yungay"},"content":{"rendered":"<p><img loading=\"lazy\" decoding=\"async\" class=\"alignnone size-full wp-image-20383\" src=\"http:\/\/www.yungayino.cl\/noticias\/wp-content\/uploads\/2019\/03\/pladetur_santa_lucia.jpg\" alt=\"\" width=\"700\" height=\"350\" srcset=\"https:\/\/www.yungayino.cl\/noticias\/wp-content\/uploads\/2019\/03\/pladetur_santa_lucia.jpg 700w, https:\/\/www.yungayino.cl\/noticias\/wp-content\/uploads\/2019\/03\/pladetur_santa_lucia-300x150.jpg 300w\" sizes=\"auto, (max-width: 700px) 100vw, 700px\" \/><\/p>\n<p style=\"text-align: justify;\">Yungay, jueves 07 de marzo 2019: El Plan de Desarrollo Tur\u00edstico (Pladetur) de Santa Luc\u00eda Bajo de Yungay, informa a todos los emprendedores y vecinos que desde el pr\u00f3ximo s\u00e1bado 16 de marzo, se sumar\u00e1 al curso de Gu\u00eda Tur\u00edstico que se est\u00e1 impartiendo en la Junta de Vecinos de la localidad, el Presidente de la Asociaci\u00f3n Gremial de Gu\u00edas Tur\u00edsticos Regi\u00f3n del Biob\u00edo, se\u00f1or <strong>Rub\u00e9n de la Hera<\/strong>.<\/p>\n<p style=\"text-align: justify;\"><iframe loading=\"lazy\" style=\"border: none; overflow: hidden;\" src=\"https:\/\/www.facebook.com\/plugins\/post.php?href=https:\/\/www.facebook.com\/media\/set\/?set=a.2516208598394164&amp;type=1&amp;l=c47eff9794&amp;l=a77e327dc6&amp;l=f5951f1994&amp;l=bfecbb8adf&amp;l=687b6bf5da&amp;width=500&amp;show_text=true&amp;height=691&amp;appId\" width=\"500\" height=\"691\" frameborder=\"0\" scrolling=\"no\"><\/iframe><\/p>\n<p style=\"text-align: justify;\">Reiteramos a la comunidad nuestra convocatoria a participar de este importante curso de capacitaci\u00f3n en el marco del Pladetur Santa Lucia Bajo.<\/p>\n<p style=\"text-align: justify;\">Contarles que hasta la fecha ya se han impartido dos clases, en relaci\u00f3n a las cuales la empresa consultora del Pladetur, se compromete a entregar un resumen de los contenidos revisados a todos aquellos seguidores e interesados que quieran incorporarse a esta tercera charla junto a este gran especialista a nivel regional.<\/p>\n<p style=\"text-align: justify;\">\u00a1Reciban todos los vecinos un saludo cordial y seguimos avanzando en pos de concretar los nuevos negocios y emprendimientos que dar\u00e1n vida tur\u00edstica al Sector de Santa Luc\u00eda Bajo!<\/p>\n<p style=\"text-align: justify;\">[su_button url=\u00bbhttps:\/\/www.facebook.com\/media\/set\/?set=a.2516208598394164&amp;type=1&amp;l=c47eff9794&#8243; target=\u00bbblank\u00bb size=\u00bb7&#8243; radius=\u00bbround\u00bb icon=\u00bbicon: facebook-square\u00bb]FOTOGRAF\u00cdAS &#8211; Importante Autoridad Gremial se Suma al Curso de Gu\u00eda Tur\u00edstico que Imparte el Pladetur de Santa Luc\u00eda Bajo de Yungay[\/su_button]<\/p>\n","protected":false},"excerpt":{"rendered":"<p>Yungay, jueves 07 de marzo 2019: El Plan de Desarrollo Tur\u00edstico (Pladetur) de Santa Luc\u00eda Bajo de Yungay, informa a todos los emprendedores y vecinos que desde el pr\u00f3ximo s\u00e1bado 16 de marzo, se&#46;&#46;&#46;<\/p>\n","protected":false},"author":2,"featured_media":20383,"comment_status":"closed","ping_status":"open","sticky":false,"template":"","format":"standard","meta":{"footnotes":""},"categories":[1,15],"tags":[1115,1356,302,8,6,117],"class_list":["post-20382","post","type-post","status-publish","format-standard","has-post-thumbnail","hentry","category-noticias","category-turismo","tag-noticias","tag-pladetur","tag-santa-lucia-bajo","tag-yungay","tag-yungayino","tag-yungayinocl"],"_links":{"self":[{"href":"https:\/\/www.yungayino.cl\/noticias\/index.php?rest_route=\/wp\/v2\/posts\/20382","targetHints":{"allow":["GET"]}}],"collection":[{"href":"https:\/\/www.yungayino.cl\/noticias\/index.php?rest_route=\/wp\/v2\/posts"}],"about":[{"href":"https:\/\/www.yungayino.cl\/noticias\/index.php?rest_route=\/wp\/v2\/types\/post"}],"author":[{"embeddable":true,"href":"https:\/\/www.yungayino.cl\/noticias\/index.php?rest_route=\/wp\/v2\/users\/2"}],"replies":[{"embeddable":true,"href":"https:\/\/www.yungayino.cl\/noticias\/index.php?rest_route=%2Fwp%2Fv2%2Fcomments&post=20382"}],"version-history":[{"count":1,"href":"https:\/\/www.yungayino.cl\/noticias\/index.php?rest_route=\/wp\/v2\/posts\/20382\/revisions"}],"predecessor-version":[{"id":20384,"href":"https:\/\/www.yungayino.cl\/noticias\/index.php?rest_route=\/wp\/v2\/posts\/20382\/revisions\/20384"}],"wp:featuredmedia":[{"embeddable":true,"href":"https:\/\/www.yungayino.cl\/noticias\/index.php?rest_route=\/wp\/v2\/media\/20383"}],"wp:attachment":[{"href":"https:\/\/www.yungayino.cl\/noticias\/index.php?rest_route=%2Fwp%2Fv2%2Fmedia&parent=20382"}],"wp:term":[{"taxonomy":"category","embeddable":true,"href":"https:\/\/www.yungayino.cl\/noticias\/index.php?rest_route=%2Fwp%2Fv2%2Fcategories&post=20382"},{"taxonomy":"post_tag","embeddable":true,"href":"https:\/\/www.yungayino.cl\/noticias\/index.php?rest_route=%2Fwp%2Fv2%2Ftags&post=20382"}],"curies":[{"name":"wp","href":"https:\/\/api.w.org\/{rel}","templated":true}]}}