{"id":20390,"date":"2019-03-08T08:00:54","date_gmt":"2019-03-08T11:00:54","guid":{"rendered":"http:\/\/www.yungayino.cl\/noticias\/?p=20390"},"modified":"2019-03-07T19:41:08","modified_gmt":"2019-03-07T22:41:08","slug":"sercotec-financiara-hasta-con-2-millones-a-almaceneros-que-quieran-digitalizar-sus-negocios","status":"publish","type":"post","link":"https:\/\/www.yungayino.cl\/noticias\/?p=20390","title":{"rendered":"SERCOTEC Financiar\u00e1 Hasta con $2 Millones a Almaceneros que Quieran Digitalizar sus Negocios"},"content":{"rendered":"<p><img loading=\"lazy\" decoding=\"async\" class=\"alignnone size-full wp-image-20391\" src=\"http:\/\/www.yungayino.cl\/noticias\/wp-content\/uploads\/2019\/03\/sercotec_abarrotes_digitalizacion.jpg\" alt=\"\" width=\"700\" height=\"350\" srcset=\"https:\/\/www.yungayino.cl\/noticias\/wp-content\/uploads\/2019\/03\/sercotec_abarrotes_digitalizacion.jpg 700w, https:\/\/www.yungayino.cl\/noticias\/wp-content\/uploads\/2019\/03\/sercotec_abarrotes_digitalizacion-300x150.jpg 300w\" sizes=\"auto, (max-width: 700px) 100vw, 700px\" \/><\/p>\n<p style=\"text-align: justify;\">Regional, viernes 8 de marzo 2019: Hasta 2 millones de pesos puede obtener en subsidio un almacenero de barrio, que est\u00e9 interesado en digitalizar su peque\u00f1o negocio y, de esta forma, mejorar la atenci\u00f3n a sus clientes y su gesti\u00f3n.<\/p>\n<p style=\"text-align: justify;\">El director regional del organismo, Ignacio Karim Vidal, explic\u00f3 que el objetivo es \u201capoyar a los almaceneros a sumarse a la era digital, ya que pueden obtener muchos beneficios que aumentan la rentabilidad de sus negocios\u201d.<\/p>\n<p style=\"text-align: justify;\">As\u00ed lo explica el Director Regional de Sercotec Ignacio Karim Vidal, quien lleg\u00f3 al almac\u00e9n de la se\u00f1ora Marta Recabal, ubicado en el Pje. Cerro Manquehue 597, Lomas de Oriente 3, Chill\u00e1n para lanzar el Fondo Concursable #DigitalizaTuAlmacen que otorga fondos para su establecimiento, capacitarse e invertir en acciones de marketing y tecnolog\u00edas digitales.<\/p>\n<p style=\"text-align: justify;\">El Fondo Concursable #DigitalizaTuAlmacen se realiza en el marco del Programa Almacenes de Chile, dependiente del Ministerio de Econom\u00eda, Fomento y Turismo, que ya tiene tres a\u00f1os de funcionamiento y que entrega capacitaci\u00f3n online gratuita para organizar de mejor forma el negocio, reducir costos y aumentar las ventas.<\/p>\n<p style=\"text-align: justify;\">Este paso, capacitaci\u00f3n en el Programa Almacenes de Chile, es obligatoria para poder postular al Fondo Concursable #DigitalizaTuAlmacen.<\/p>\n<p style=\"text-align: justify;\">\u201cAumentar el crecimiento del pa\u00eds es una de las metas de Sercotec, y en este sentido los almaceneros representan el 20 % de la creaci\u00f3n de empleos de las microempresas, estamos hablando de 400.000 empleos que son creados solo por los almaceneros, por lo tanto, son un pilar fundamental de la econom\u00eda de \u00d1uble y con los incentivos de Sercotec aportamos al crecimiento del pa\u00eds\u201d, explica el director regional de Sercotec.<\/p>\n<p style=\"text-align: justify;\">En ese sentido Ignacio Karim Vidal destac\u00f3 \u201clas capacitaciones en tecnolog\u00eda, como el uso del sistema de venta con tarjeta y los productos con c\u00f3digo de barra son las herramientas que, a trav\u00e9s de Sercotec, se le entregaron a la se\u00f1ora Marta Recabal.<\/p>\n<p style=\"text-align: justify;\">\u201cMantengo, Proveedores, clientes y stock en l\u00ednea, en un mismo sistema, donde puedo revisar los productos que se me est\u00e1n agotando, la deuda de clientes que me pagan a fin de mes y los precios anteriores que los proveedores me vend\u00edan un producto determinado, por ejemplo\u201d, relata la almacenera.<\/p>\n<p style=\"text-align: justify;\">La convocatoria para el Fondo Concursable #DigitalizaTuAlmacen est\u00e1 disponibles desde el 6 de marzo hasta el 29 de este mes en el sitio web <a href=\"http:\/\/www.sercotec.cl\">www.sercotec.cl<\/a>.<\/p>\n","protected":false},"excerpt":{"rendered":"<p>Regional, viernes 8 de marzo 2019: Hasta 2 millones de pesos puede obtener en subsidio un almacenero de barrio, que est\u00e9 interesado en digitalizar su peque\u00f1o negocio y, de esta forma, mejorar la atenci\u00f3n&#46;&#46;&#46;<\/p>\n","protected":false},"author":2,"featured_media":20391,"comment_status":"closed","ping_status":"open","sticky":false,"template":"","format":"standard","meta":{"footnotes":""},"categories":[3,1],"tags":[1946,1947,1948,1115,160,8,6,117],"class_list":["post-20390","post","type-post","status-publish","format-standard","has-post-thumbnail","hentry","category-actualidad","category-noticias","tag-almaceneros","tag-digitalizar-negocios","tag-fondo-concursable","tag-noticias","tag-sercotec","tag-yungay","tag-yungayino","tag-yungayinocl"],"_links":{"self":[{"href":"https:\/\/www.yungayino.cl\/noticias\/index.php?rest_route=\/wp\/v2\/posts\/20390","targetHints":{"allow":["GET"]}}],"collection":[{"href":"https:\/\/www.yungayino.cl\/noticias\/index.php?rest_route=\/wp\/v2\/posts"}],"about":[{"href":"https:\/\/www.yungayino.cl\/noticias\/index.php?rest_route=\/wp\/v2\/types\/post"}],"author":[{"embeddable":true,"href":"https:\/\/www.yungayino.cl\/noticias\/index.php?rest_route=\/wp\/v2\/users\/2"}],"replies":[{"embeddable":true,"href":"https:\/\/www.yungayino.cl\/noticias\/index.php?rest_route=%2Fwp%2Fv2%2Fcomments&post=20390"}],"version-history":[{"count":1,"href":"https:\/\/www.yungayino.cl\/noticias\/index.php?rest_route=\/wp\/v2\/posts\/20390\/revisions"}],"predecessor-version":[{"id":20392,"href":"https:\/\/www.yungayino.cl\/noticias\/index.php?rest_route=\/wp\/v2\/posts\/20390\/revisions\/20392"}],"wp:featuredmedia":[{"embeddable":true,"href":"https:\/\/www.yungayino.cl\/noticias\/index.php?rest_route=\/wp\/v2\/media\/20391"}],"wp:attachment":[{"href":"https:\/\/www.yungayino.cl\/noticias\/index.php?rest_route=%2Fwp%2Fv2%2Fmedia&parent=20390"}],"wp:term":[{"taxonomy":"category","embeddable":true,"href":"https:\/\/www.yungayino.cl\/noticias\/index.php?rest_route=%2Fwp%2Fv2%2Fcategories&post=20390"},{"taxonomy":"post_tag","embeddable":true,"href":"https:\/\/www.yungayino.cl\/noticias\/index.php?rest_route=%2Fwp%2Fv2%2Ftags&post=20390"}],"curies":[{"name":"wp","href":"https:\/\/api.w.org\/{rel}","templated":true}]}}