{"id":20409,"date":"2019-03-11T15:00:21","date_gmt":"2019-03-11T18:00:21","guid":{"rendered":"http:\/\/www.yungayino.cl\/noticias\/?p=20409"},"modified":"2019-03-11T18:07:43","modified_gmt":"2019-03-11T21:07:43","slug":"con-alegria-mujeres-de-campanario-y-yungay-celebraron-el-dia-internacional-de-la-mujer","status":"publish","type":"post","link":"https:\/\/www.yungayino.cl\/noticias\/?p=20409","title":{"rendered":"Con Alegr\u00eda Mujeres de Campanario y Yungay Celebraron el \u201cD\u00eda Internacional de la Mujer\u201d"},"content":{"rendered":"<p><img loading=\"lazy\" decoding=\"async\" class=\"alignnone size-full wp-image-20410\" src=\"http:\/\/www.yungayino.cl\/noticias\/wp-content\/uploads\/2019\/03\/dia_mujer_2019.jpg\" alt=\"\" width=\"700\" height=\"350\" srcset=\"https:\/\/www.yungayino.cl\/noticias\/wp-content\/uploads\/2019\/03\/dia_mujer_2019.jpg 700w, https:\/\/www.yungayino.cl\/noticias\/wp-content\/uploads\/2019\/03\/dia_mujer_2019-300x150.jpg 300w\" sizes=\"auto, (max-width: 700px) 100vw, 700px\" \/><\/p>\n<p style=\"text-align: justify;\">Yungay, lunes 11 de marzo 2019: Como todos los a\u00f1os el Municipio se preocup\u00f3 de celebrar el D\u00eda Internacional de la Mujer para Campanario y Yungay, donde para ello los funcionarios municipales decoraron especialmente para la ocasi\u00f3n los gimnasios multiuso de Campanario y Yungay.<\/p>\n<p style=\"text-align: justify;\"><iframe loading=\"lazy\" style=\"border: none; overflow: hidden;\" src=\"https:\/\/www.facebook.com\/plugins\/post.php?href=https:\/\/www.facebook.com\/media\/set\/?set=a.2517912564890434&amp;type=1&amp;l=7850146a67&amp;l=a77e327dc6&amp;l=f5951f1994&amp;l=bfecbb8adf&amp;l=687b6bf5da&amp;width=500&amp;show_text=true&amp;height=691&amp;appId\" width=\"500\" height=\"691\" frameborder=\"0\" scrolling=\"no\"><\/iframe><\/p>\n<p>&nbsp;<\/p>\n<p><iframe loading=\"lazy\" style=\"border: none; overflow: hidden;\" src=\"https:\/\/www.facebook.com\/plugins\/post.php?href=https:\/\/www.facebook.com\/media\/set\/?set=a.2519209428094081&amp;type=1&amp;l=33192f0890&amp;l=a77e327dc6&amp;l=f5951f1994&amp;l=bfecbb8adf&amp;l=687b6bf5da&amp;width=500&amp;show_text=true&amp;height=691&amp;appId\" width=\"500\" height=\"691\" frameborder=\"0\" scrolling=\"no\"><\/iframe><\/p>\n<p style=\"text-align: justify;\">Las actividades que se desarrollaron el viernes 8 y s\u00e1bado 9 se iniciaron con la recepci\u00f3n de todas las mujeres provenientes tanto de los sectores rurales como urbanos para los cuales el municipio dispuso locomoci\u00f3n gratis, y as\u00ed todas pudieran disfrutar un momento de alegr\u00eda y esparcimiento.<\/p>\n<p style=\"text-align: justify;\">En ambas ocasiones las mujeres que quer\u00edan pudieron realizarse la Manicure y Peluquer\u00eda totalmente gratis para que luego disfrutar del show, el cual contempl\u00f3 la participaci\u00f3n de la Banda \u201cNueva Prisma\u201d.<\/p>\n<p style=\"text-align: justify;\">[su_button url=\u00bbhttps:\/\/www.facebook.com\/media\/set\/?set=a.2517912564890434&amp;type=1&amp;l=7850146a67&#8243; target=\u00bbblank\u00bb size=\u00bb7&#8243; radius=\u00bbround\u00bb icon=\u00bbicon: facebook-square\u00bb]FOTOGRAF\u00cdAS EN CAMPANARIO &#8211; Con Alegr\u00eda Mujeres de Campanario y Yungay Celebraron el \u201cD\u00eda Internacional de la Mujer\u201d[\/su_button]<\/p>\n<p>[su_button url=\u00bbhttps:\/\/www.facebook.com\/media\/set\/?set=a.2519209428094081&amp;type=1&amp;l=33192f0890&#8243; target=\u00bbblank\u00bb size=\u00bb7&#8243; radius=\u00bbround\u00bb icon=\u00bbicon: facebook-square\u00bb]FOTOGRAF\u00cdAS EN YUNGAY &#8211;\u00a0Con Alegr\u00eda Mujeres de Campanario y Yungay Celebraron el \u201cD\u00eda Internacional de la Mujer\u201d[\/su_button]<\/p>\n","protected":false},"excerpt":{"rendered":"<p>Yungay, lunes 11 de marzo 2019: Como todos los a\u00f1os el Municipio se preocup\u00f3 de celebrar el D\u00eda Internacional de la Mujer para Campanario y Yungay, donde para ello los funcionarios municipales decoraron especialmente&#46;&#46;&#46;<\/p>\n","protected":false},"author":2,"featured_media":20410,"comment_status":"closed","ping_status":"open","sticky":false,"template":"","format":"standard","meta":{"footnotes":""},"categories":[5,1],"tags":[31,1952,1115,8,6,117],"class_list":["post-20409","post","type-post","status-publish","format-standard","has-post-thumbnail","hentry","category-eventos","category-noticias","tag-campanario","tag-dia-internacional-de-la-mujer","tag-noticias","tag-yungay","tag-yungayino","tag-yungayinocl"],"_links":{"self":[{"href":"https:\/\/www.yungayino.cl\/noticias\/index.php?rest_route=\/wp\/v2\/posts\/20409","targetHints":{"allow":["GET"]}}],"collection":[{"href":"https:\/\/www.yungayino.cl\/noticias\/index.php?rest_route=\/wp\/v2\/posts"}],"about":[{"href":"https:\/\/www.yungayino.cl\/noticias\/index.php?rest_route=\/wp\/v2\/types\/post"}],"author":[{"embeddable":true,"href":"https:\/\/www.yungayino.cl\/noticias\/index.php?rest_route=\/wp\/v2\/users\/2"}],"replies":[{"embeddable":true,"href":"https:\/\/www.yungayino.cl\/noticias\/index.php?rest_route=%2Fwp%2Fv2%2Fcomments&post=20409"}],"version-history":[{"count":4,"href":"https:\/\/www.yungayino.cl\/noticias\/index.php?rest_route=\/wp\/v2\/posts\/20409\/revisions"}],"predecessor-version":[{"id":20414,"href":"https:\/\/www.yungayino.cl\/noticias\/index.php?rest_route=\/wp\/v2\/posts\/20409\/revisions\/20414"}],"wp:featuredmedia":[{"embeddable":true,"href":"https:\/\/www.yungayino.cl\/noticias\/index.php?rest_route=\/wp\/v2\/media\/20410"}],"wp:attachment":[{"href":"https:\/\/www.yungayino.cl\/noticias\/index.php?rest_route=%2Fwp%2Fv2%2Fmedia&parent=20409"}],"wp:term":[{"taxonomy":"category","embeddable":true,"href":"https:\/\/www.yungayino.cl\/noticias\/index.php?rest_route=%2Fwp%2Fv2%2Fcategories&post=20409"},{"taxonomy":"post_tag","embeddable":true,"href":"https:\/\/www.yungayino.cl\/noticias\/index.php?rest_route=%2Fwp%2Fv2%2Ftags&post=20409"}],"curies":[{"name":"wp","href":"https:\/\/api.w.org\/{rel}","templated":true}]}}