{"id":2042,"date":"2009-09-21T21:00:48","date_gmt":"2009-09-22T01:00:48","guid":{"rendered":"http:\/\/www.yungayino.cl\/noticias\/?p=2042"},"modified":"2009-09-21T21:50:37","modified_gmt":"2009-09-22T01:50:37","slug":"dia-del-trabajador-radial","status":"publish","type":"post","link":"https:\/\/www.yungayino.cl\/noticias\/?p=2042","title":{"rendered":"D\u00eda del Trabajador Radial"},"content":{"rendered":"<p><img decoding=\"async\" src=\"http:\/\/www.yungayino.cl\/imagenes\/trabajadorradial.jpg\" alt=\"D\u00eda del Trabajador Radial\" \/><\/p>\n<p align=\"justify\"><font size=\"2\">El 21 de septiembre fue instaurado el D\u00eda del Trabajador Radial en la d\u00e9cada de los 40, como una forma de reconocer la labor de quienes se desempe\u00f1an durante todo el a\u00f1o en las distintas radioemisoras del pa\u00eds. Es por eso un afectuoso saludo del Portal Yungayino.cl a las radios de nuestra comuna.<br \/>\n<a href=\"http:\/\/www.yungayino.cl\/noticias\/?p=2042#comments\">Comente Aqu\u00ed<\/a><br \/>\n<a href=\"http:\/\/www.flickr.com\/photos\/42774808@N08\/tags\/radiolavozdeyungay\/\">Fotograf\u00edas Celebraci\u00f3n Radio la Voz de Yungay<\/a><\/font><\/p>\n","protected":false},"excerpt":{"rendered":"<p>El 21 de septiembre fue instaurado el D\u00eda del Trabajador Radial en la d\u00e9cada de los 40, como una forma de reconocer la labor de quienes se desempe\u00f1an durante todo el a\u00f1o en las&#46;&#46;&#46;<\/p>\n","protected":false},"author":2,"featured_media":15116,"comment_status":"open","ping_status":"open","sticky":false,"template":"","format":"standard","meta":{"footnotes":""},"categories":[1],"tags":[1115,8,6],"class_list":["post-2042","post","type-post","status-publish","format-standard","has-post-thumbnail","hentry","category-noticias","tag-noticias","tag-yungay","tag-yungayino"],"_links":{"self":[{"href":"https:\/\/www.yungayino.cl\/noticias\/index.php?rest_route=\/wp\/v2\/posts\/2042","targetHints":{"allow":["GET"]}}],"collection":[{"href":"https:\/\/www.yungayino.cl\/noticias\/index.php?rest_route=\/wp\/v2\/posts"}],"about":[{"href":"https:\/\/www.yungayino.cl\/noticias\/index.php?rest_route=\/wp\/v2\/types\/post"}],"author":[{"embeddable":true,"href":"https:\/\/www.yungayino.cl\/noticias\/index.php?rest_route=\/wp\/v2\/users\/2"}],"replies":[{"embeddable":true,"href":"https:\/\/www.yungayino.cl\/noticias\/index.php?rest_route=%2Fwp%2Fv2%2Fcomments&post=2042"}],"version-history":[{"count":6,"href":"https:\/\/www.yungayino.cl\/noticias\/index.php?rest_route=\/wp\/v2\/posts\/2042\/revisions"}],"predecessor-version":[{"id":2048,"href":"https:\/\/www.yungayino.cl\/noticias\/index.php?rest_route=\/wp\/v2\/posts\/2042\/revisions\/2048"}],"wp:featuredmedia":[{"embeddable":true,"href":"https:\/\/www.yungayino.cl\/noticias\/index.php?rest_route=\/wp\/v2\/media\/15116"}],"wp:attachment":[{"href":"https:\/\/www.yungayino.cl\/noticias\/index.php?rest_route=%2Fwp%2Fv2%2Fmedia&parent=2042"}],"wp:term":[{"taxonomy":"category","embeddable":true,"href":"https:\/\/www.yungayino.cl\/noticias\/index.php?rest_route=%2Fwp%2Fv2%2Fcategories&post=2042"},{"taxonomy":"post_tag","embeddable":true,"href":"https:\/\/www.yungayino.cl\/noticias\/index.php?rest_route=%2Fwp%2Fv2%2Ftags&post=2042"}],"curies":[{"name":"wp","href":"https:\/\/api.w.org\/{rel}","templated":true}]}}