{"id":20438,"date":"2019-03-18T12:08:00","date_gmt":"2019-03-18T15:08:00","guid":{"rendered":"http:\/\/www.yungayino.cl\/noticias\/?p=20438"},"modified":"2019-03-18T12:08:00","modified_gmt":"2019-03-18T15:08:00","slug":"carabineros-inicio-alianza-estrategica-con-agrupaciones-del-sector-productivo-y-social","status":"publish","type":"post","link":"https:\/\/www.yungayino.cl\/noticias\/?p=20438","title":{"rendered":"Carabineros Inici\u00f3 Alianza Estrat\u00e9gica con Agrupaciones del Sector Productivo y Social"},"content":{"rendered":"<p><img loading=\"lazy\" decoding=\"async\" class=\"alignnone size-full wp-image-20439\" src=\"http:\/\/www.yungayino.cl\/noticias\/wp-content\/uploads\/2019\/03\/carabineros_201903.jpg\" alt=\"\" width=\"700\" height=\"338\" srcset=\"https:\/\/www.yungayino.cl\/noticias\/wp-content\/uploads\/2019\/03\/carabineros_201903.jpg 700w, https:\/\/www.yungayino.cl\/noticias\/wp-content\/uploads\/2019\/03\/carabineros_201903-300x145.jpg 300w, https:\/\/www.yungayino.cl\/noticias\/wp-content\/uploads\/2019\/03\/carabineros_201903-311x150.jpg 311w\" sizes=\"auto, (max-width: 700px) 100vw, 700px\" \/><\/p>\n<p style=\"text-align: justify;\">Yungay, lunes 18 de marzo 2019: Con el fin de fortalecer la comunicaci\u00f3n con la comunidad y focalizar el trabajo policial en las necesidades del sector productivo y social de \u00d1uble, el pasado viernes 15 de marzo Carabineros inici\u00f3 su plan de \u00abAlianzas estrat\u00e9gicas con entidades gubernamentales\u00bb.<\/p>\n<p style=\"text-align: justify;\">La iniciativa local de la instituci\u00f3n convoc\u00f3 a gremios del transporte, comercio, educaci\u00f3n, deporte y organizaciones comunitarias, entre otras, para crear alianzas que permitan generar trabajo conjunto sobre la prevenci\u00f3n de delitos.<\/p>\n<p style=\"text-align: justify;\">Ser\u00e1n las seis comisar\u00edas de \u00d1uble (San Carlos, Chill\u00e1n, Bulnes, <strong>Yungay<\/strong>, Quirihue y Chill\u00e1n Viejo), las unidades que tendr\u00e1n la misi\u00f3n de desarrollar las acciones necesarias para potenciar este trabajo a trav\u00e9s de sus destacamentos dependientes como subcomisar\u00edas, tenencias y retenes.<\/p>\n<p style=\"text-align: justify;\">\u00abEl trabajo estar\u00e1 focalizado en el \u00e1rea que las unidades han definido como importantes de trabajar de forma cient\u00edfica, es decir, por un lado con aquellos datos que nos entregan las plataformas institucionales respecto a los \u00edndices de victimizaci\u00f3n, como el d\u00eda, la hora y el lugar donde se cometen los delitos y, por otro lado, con esa informaci\u00f3n que nos entrega la comunidad directamente trav\u00e9s de denuncias, por ejemplo, lo que viene a reforzar la gesti\u00f3n en seguridad\u00bb, explic\u00f3 el Jefe de la XVI Zona de Carabineros, General Mario Sep\u00falveda.<\/p>\n<p style=\"text-align: justify;\">Marcelo Ferrada, Secretario de Anfa y quien firm\u00f3 alianza con la Segunda Comisar\u00eda Chill\u00e1n, valor\u00f3 la iniciativa indicando que \u00ablas acciones que nos permitan mejorar en temas de seguridad y hacer frente a los problemas que nos afectan en un rubro deportivo y familiar, siempre ser\u00e1n bienvenidas; agradecemos la oportunidad para mejorar\u00bb.<\/p>\n<p style=\"text-align: justify;\">Carabineros de \u00d1uble desplegar\u00e1 sus medios humanos y log\u00edsticos para realizar un trabajo met\u00f3dico en prevenci\u00f3n y resoluci\u00f3n de los problemas que afectan a la comunidad.<\/p>\n","protected":false},"excerpt":{"rendered":"<p>Yungay, lunes 18 de marzo 2019: Con el fin de fortalecer la comunicaci\u00f3n con la comunidad y focalizar el trabajo policial en las necesidades del sector productivo y social de \u00d1uble, el pasado viernes&#46;&#46;&#46;<\/p>\n","protected":false},"author":2,"featured_media":20439,"comment_status":"closed","ping_status":"open","sticky":false,"template":"","format":"standard","meta":{"footnotes":""},"categories":[1],"tags":[25,1115,1678,8,6,117],"class_list":["post-20438","post","type-post","status-publish","format-standard","has-post-thumbnail","hentry","category-noticias","tag-carabineros","tag-noticias","tag-nuble","tag-yungay","tag-yungayino","tag-yungayinocl"],"_links":{"self":[{"href":"https:\/\/www.yungayino.cl\/noticias\/index.php?rest_route=\/wp\/v2\/posts\/20438","targetHints":{"allow":["GET"]}}],"collection":[{"href":"https:\/\/www.yungayino.cl\/noticias\/index.php?rest_route=\/wp\/v2\/posts"}],"about":[{"href":"https:\/\/www.yungayino.cl\/noticias\/index.php?rest_route=\/wp\/v2\/types\/post"}],"author":[{"embeddable":true,"href":"https:\/\/www.yungayino.cl\/noticias\/index.php?rest_route=\/wp\/v2\/users\/2"}],"replies":[{"embeddable":true,"href":"https:\/\/www.yungayino.cl\/noticias\/index.php?rest_route=%2Fwp%2Fv2%2Fcomments&post=20438"}],"version-history":[{"count":1,"href":"https:\/\/www.yungayino.cl\/noticias\/index.php?rest_route=\/wp\/v2\/posts\/20438\/revisions"}],"predecessor-version":[{"id":20440,"href":"https:\/\/www.yungayino.cl\/noticias\/index.php?rest_route=\/wp\/v2\/posts\/20438\/revisions\/20440"}],"wp:featuredmedia":[{"embeddable":true,"href":"https:\/\/www.yungayino.cl\/noticias\/index.php?rest_route=\/wp\/v2\/media\/20439"}],"wp:attachment":[{"href":"https:\/\/www.yungayino.cl\/noticias\/index.php?rest_route=%2Fwp%2Fv2%2Fmedia&parent=20438"}],"wp:term":[{"taxonomy":"category","embeddable":true,"href":"https:\/\/www.yungayino.cl\/noticias\/index.php?rest_route=%2Fwp%2Fv2%2Fcategories&post=20438"},{"taxonomy":"post_tag","embeddable":true,"href":"https:\/\/www.yungayino.cl\/noticias\/index.php?rest_route=%2Fwp%2Fv2%2Ftags&post=20438"}],"curies":[{"name":"wp","href":"https:\/\/api.w.org\/{rel}","templated":true}]}}