{"id":20442,"date":"2019-03-19T10:00:20","date_gmt":"2019-03-19T13:00:20","guid":{"rendered":"http:\/\/www.yungayino.cl\/noticias\/?p=20442"},"modified":"2019-03-19T15:24:17","modified_gmt":"2019-03-19T18:24:17","slug":"nuevo-convenio-para-yungay-entre-dideco-y-caja-de-compensacion-18-de-septiembre","status":"publish","type":"post","link":"https:\/\/www.yungayino.cl\/noticias\/?p=20442","title":{"rendered":"Nuevo Convenio para Yungay entre DIDECO y Caja de Compensaci\u00f3n 18 de Septiembre"},"content":{"rendered":"<p><img loading=\"lazy\" decoding=\"async\" class=\"alignnone size-full wp-image-20443\" src=\"http:\/\/www.yungayino.cl\/noticias\/wp-content\/uploads\/2019\/03\/dideco_caja_compensacion.jpg\" alt=\"\" width=\"700\" height=\"350\" srcset=\"https:\/\/www.yungayino.cl\/noticias\/wp-content\/uploads\/2019\/03\/dideco_caja_compensacion.jpg 700w, https:\/\/www.yungayino.cl\/noticias\/wp-content\/uploads\/2019\/03\/dideco_caja_compensacion-300x150.jpg 300w\" sizes=\"auto, (max-width: 700px) 100vw, 700px\" \/><\/p>\n<p style=\"text-align: justify;\">Yungay, martes 19 de marzo 2019: Directora de Desarrollo Comunitario, Sra. Pamela Jelves Acu\u00f1a, junto a la encargada de adultos mayores, Srta. Susana Toro Pinilla, participan en la firma de convenio con la caja de compensaci\u00f3n 18 de Septiembre, lo que permitir\u00e1 generar atenci\u00f3n oftalmol\u00f3gica gratuita para 120 adultos mayores de Yungay, fortaleciendo el trabajo en equipo entre ambas instituciones. Adem\u00e1s contaremos con 50 cupos extra para Campanario.<\/p>\n<p style=\"text-align: justify;\"><iframe loading=\"lazy\" style=\"border: none; overflow: hidden;\" src=\"https:\/\/www.facebook.com\/plugins\/post.php?href=https:\/\/www.facebook.com\/media\/set\/?set=a.2532826440065713&amp;type=1&amp;l=832c21b2f5&amp;l=a77e327dc6&amp;l=f5951f1994&amp;l=bfecbb8adf&amp;l=687b6bf5da&amp;width=500&amp;show_text=true&amp;height=691&amp;appId\" width=\"500\" height=\"691\" frameborder=\"0\" scrolling=\"no\"><\/iframe><\/p>\n<p style=\"text-align: justify;\">La atenci\u00f3n se realizar\u00e1 los d\u00edas 26 y 27 de Marzo en Yungay y el 22 de Abril en Campanario, en ambos casos, previa inscripci\u00f3n en nuestra Direcci\u00f3n de Desarrollo Comunitario (DIDECO), ubicada en el primer piso de la Municipalidad.<\/p>\n<p style=\"text-align: justify;\">[su_button url=\u00bbhttps:\/\/www.facebook.com\/media\/set\/?set=a.2532826440065713&amp;type=1&amp;l=832c21b2f5&#8243; target=\u00bbblank\u00bb size=\u00bb7&#8243; radius=\u00bbround\u00bb icon=\u00bbicon: facebook-square\u00bb]FOTOGRAF\u00cdAS &#8211; Nuevo Convenio para Yungay entre DIDECO y Caja de Compensaci\u00f3n 18 de Septiembre[\/su_button]<\/p>\n","protected":false},"excerpt":{"rendered":"<p>Yungay, martes 19 de marzo 2019: Directora de Desarrollo Comunitario, Sra. Pamela Jelves Acu\u00f1a, junto a la encargada de adultos mayores, Srta. Susana Toro Pinilla, participan en la firma de convenio con la caja&#46;&#46;&#46;<\/p>\n","protected":false},"author":2,"featured_media":20443,"comment_status":"closed","ping_status":"open","sticky":false,"template":"","format":"standard","meta":{"footnotes":""},"categories":[1,32],"tags":[1954,31,334,1115,1955,8,6,117],"class_list":["post-20442","post","type-post","status-publish","format-standard","has-post-thumbnail","hentry","category-noticias","category-servicios","tag-caja-compensacion-18-de-septiembre","tag-campanario","tag-dideco","tag-noticias","tag-oftalmologo","tag-yungay","tag-yungayino","tag-yungayinocl"],"_links":{"self":[{"href":"https:\/\/www.yungayino.cl\/noticias\/index.php?rest_route=\/wp\/v2\/posts\/20442","targetHints":{"allow":["GET"]}}],"collection":[{"href":"https:\/\/www.yungayino.cl\/noticias\/index.php?rest_route=\/wp\/v2\/posts"}],"about":[{"href":"https:\/\/www.yungayino.cl\/noticias\/index.php?rest_route=\/wp\/v2\/types\/post"}],"author":[{"embeddable":true,"href":"https:\/\/www.yungayino.cl\/noticias\/index.php?rest_route=\/wp\/v2\/users\/2"}],"replies":[{"embeddable":true,"href":"https:\/\/www.yungayino.cl\/noticias\/index.php?rest_route=%2Fwp%2Fv2%2Fcomments&post=20442"}],"version-history":[{"count":2,"href":"https:\/\/www.yungayino.cl\/noticias\/index.php?rest_route=\/wp\/v2\/posts\/20442\/revisions"}],"predecessor-version":[{"id":20445,"href":"https:\/\/www.yungayino.cl\/noticias\/index.php?rest_route=\/wp\/v2\/posts\/20442\/revisions\/20445"}],"wp:featuredmedia":[{"embeddable":true,"href":"https:\/\/www.yungayino.cl\/noticias\/index.php?rest_route=\/wp\/v2\/media\/20443"}],"wp:attachment":[{"href":"https:\/\/www.yungayino.cl\/noticias\/index.php?rest_route=%2Fwp%2Fv2%2Fmedia&parent=20442"}],"wp:term":[{"taxonomy":"category","embeddable":true,"href":"https:\/\/www.yungayino.cl\/noticias\/index.php?rest_route=%2Fwp%2Fv2%2Fcategories&post=20442"},{"taxonomy":"post_tag","embeddable":true,"href":"https:\/\/www.yungayino.cl\/noticias\/index.php?rest_route=%2Fwp%2Fv2%2Ftags&post=20442"}],"curies":[{"name":"wp","href":"https:\/\/api.w.org\/{rel}","templated":true}]}}