{"id":20467,"date":"2019-03-23T12:00:24","date_gmt":"2019-03-23T15:00:24","guid":{"rendered":"http:\/\/www.yungayino.cl\/noticias\/?p=20467"},"modified":"2019-03-23T13:04:44","modified_gmt":"2019-03-23T16:04:44","slug":"direccion-regional-de-vialidad-biobio-aprobo-proyecto-para-ensanche-de-curvas-en-camino-a-santa-lucia-bajo","status":"publish","type":"post","link":"https:\/\/www.yungayino.cl\/noticias\/?p=20467","title":{"rendered":"Direcci\u00f3n Regional de Vialidad Biob\u00edo aprob\u00f3 proyecto para ensanche de curvas en camino a Santa Luc\u00eda Bajo"},"content":{"rendered":"<p><img loading=\"lazy\" decoding=\"async\" class=\"alignnone size-full wp-image-20468\" src=\"http:\/\/www.yungayino.cl\/noticias\/wp-content\/uploads\/2019\/03\/camino_santa_lucia_bajo.jpg\" alt=\"\" width=\"700\" height=\"350\" srcset=\"https:\/\/www.yungayino.cl\/noticias\/wp-content\/uploads\/2019\/03\/camino_santa_lucia_bajo.jpg 700w, https:\/\/www.yungayino.cl\/noticias\/wp-content\/uploads\/2019\/03\/camino_santa_lucia_bajo-300x150.jpg 300w\" sizes=\"auto, (max-width: 700px) 100vw, 700px\" \/><\/p>\n<p style=\"text-align: justify;\">Yungay, marzo 2019: Ad portas de su concreci\u00f3n para mejorar la seguridad vial y calidad de vida de todos los habitantes de Santa Luc\u00eda Bajo, qued\u00f3 el esperado proyecto de ensanchamiento de pistas del camino que cruza esta localidad cordillerana, en la comuna de Yungay.<\/p>\n<p style=\"text-align: justify;\">Esto luego de que la Direcci\u00f3n Regional de Vialidad Biob\u00edo diera su visto bueno a esta iniciativa encabezada por la Peque\u00f1a Central Hidroel\u00e9ctrica El Pinar y su trabajo conjunto con la Agrupaci\u00f3n de Desarrollo en Turismo Rural (Adetur) de Santa Luc\u00eda Bajo, en el marco del Plan de Desarrollo Tur\u00edstico de esta comunidad.<\/p>\n<p style=\"text-align: justify;\">Es preciso recordar que las primeras gestiones para la concreci\u00f3n de estas obras se iniciaron en junio del a\u00f1o pasado y ahora s\u00f3lo resta la firma de la Direcci\u00f3n Nacional de Vialidad para dar el vamos al proyecto.<\/p>\n<p style=\"text-align: justify;\">En este contexto y en una ruta caracterizada por la ca\u00edda de veh\u00edculos y camiones hacia los acantilados que forman parte de su geograf\u00eda, se realizar\u00e1n trabajos correspondientes al mejoramiento de trazados en dos sectores que presentan curvas peligrosas. Los tramos a abordar se ubican en el km. 22,1 aprox. de la ruta N-935 (El Santo), sector Valle de las Vacas y en el km. 3,9 aprox. de la ruta N-933 (El Morro), sector Santa Luc\u00eda Bajo.<\/p>\n<p style=\"text-align: justify;\">Importante es se\u00f1alar que las obras ya cuentan con la autorizaci\u00f3n de los particulares que colindan con el camino (Arauco y la propietaria Celia Osses), a la espera de la autorizaci\u00f3n ya confirmada por parte de Forestal Mininco.<\/p>\n<p style=\"text-align: justify;\">Todo esto tras la revisi\u00f3n del Plan de Manejo del proyecto, que a su vez fue visado por la Corporaci\u00f3n Nacional Forestal (Conaf).<\/p>\n","protected":false},"excerpt":{"rendered":"<p>Yungay, marzo 2019: Ad portas de su concreci\u00f3n para mejorar la seguridad vial y calidad de vida de todos los habitantes de Santa Luc\u00eda Bajo, qued\u00f3 el esperado proyecto de ensanchamiento de pistas del&#46;&#46;&#46;<\/p>\n","protected":false},"author":2,"featured_media":20468,"comment_status":"closed","ping_status":"open","sticky":false,"template":"","format":"standard","meta":{"footnotes":""},"categories":[3,1],"tags":[1115,302,8,6,117],"class_list":["post-20467","post","type-post","status-publish","format-standard","has-post-thumbnail","hentry","category-actualidad","category-noticias","tag-noticias","tag-santa-lucia-bajo","tag-yungay","tag-yungayino","tag-yungayinocl"],"_links":{"self":[{"href":"https:\/\/www.yungayino.cl\/noticias\/index.php?rest_route=\/wp\/v2\/posts\/20467","targetHints":{"allow":["GET"]}}],"collection":[{"href":"https:\/\/www.yungayino.cl\/noticias\/index.php?rest_route=\/wp\/v2\/posts"}],"about":[{"href":"https:\/\/www.yungayino.cl\/noticias\/index.php?rest_route=\/wp\/v2\/types\/post"}],"author":[{"embeddable":true,"href":"https:\/\/www.yungayino.cl\/noticias\/index.php?rest_route=\/wp\/v2\/users\/2"}],"replies":[{"embeddable":true,"href":"https:\/\/www.yungayino.cl\/noticias\/index.php?rest_route=%2Fwp%2Fv2%2Fcomments&post=20467"}],"version-history":[{"count":1,"href":"https:\/\/www.yungayino.cl\/noticias\/index.php?rest_route=\/wp\/v2\/posts\/20467\/revisions"}],"predecessor-version":[{"id":20469,"href":"https:\/\/www.yungayino.cl\/noticias\/index.php?rest_route=\/wp\/v2\/posts\/20467\/revisions\/20469"}],"wp:featuredmedia":[{"embeddable":true,"href":"https:\/\/www.yungayino.cl\/noticias\/index.php?rest_route=\/wp\/v2\/media\/20468"}],"wp:attachment":[{"href":"https:\/\/www.yungayino.cl\/noticias\/index.php?rest_route=%2Fwp%2Fv2%2Fmedia&parent=20467"}],"wp:term":[{"taxonomy":"category","embeddable":true,"href":"https:\/\/www.yungayino.cl\/noticias\/index.php?rest_route=%2Fwp%2Fv2%2Fcategories&post=20467"},{"taxonomy":"post_tag","embeddable":true,"href":"https:\/\/www.yungayino.cl\/noticias\/index.php?rest_route=%2Fwp%2Fv2%2Ftags&post=20467"}],"curies":[{"name":"wp","href":"https:\/\/api.w.org\/{rel}","templated":true}]}}