{"id":20471,"date":"2019-03-24T23:00:27","date_gmt":"2019-03-25T02:00:27","guid":{"rendered":"http:\/\/www.yungayino.cl\/noticias\/?p=20471"},"modified":"2019-03-25T11:48:24","modified_gmt":"2019-03-25T14:48:24","slug":"yungayinos-as-asistieron-a-despedida-de-deportista-juan-quijada-quien-viaja-a-dinamarca","status":"publish","type":"post","link":"https:\/\/www.yungayino.cl\/noticias\/?p=20471","title":{"rendered":"Yungayinos (as) Asistieron a Despedida de Deportista Juan Quijada, Quien Viaja a Dinamarca"},"content":{"rendered":"<p><img loading=\"lazy\" decoding=\"async\" class=\"alignnone size-full wp-image-20472\" src=\"http:\/\/www.yungayino.cl\/noticias\/wp-content\/uploads\/2019\/03\/juan_quijada_despedida.jpg\" alt=\"\" width=\"700\" height=\"350\" srcset=\"https:\/\/www.yungayino.cl\/noticias\/wp-content\/uploads\/2019\/03\/juan_quijada_despedida.jpg 700w, https:\/\/www.yungayino.cl\/noticias\/wp-content\/uploads\/2019\/03\/juan_quijada_despedida-300x150.jpg 300w\" sizes=\"auto, (max-width: 700px) 100vw, 700px\" \/><\/p>\n<p style=\"text-align: justify;\">Yungay, domingo 24 de marzo 2019: El pasado viernes 22 de marzo en el Gimnasio Multiuso se llev\u00f3 a cabo una emotiva despedida por parte de la comunidad Yungayina al deportista <strong>Juan Quijada Bustos<\/strong>, qui\u00e9n tendr\u00e1 una participaci\u00f3n internacional representando a Yungay y por supuesto a Chile en el \u201cIAAF World Cross Country Championships 2019&#8243;, que se realizar\u00e1 en Dinamarca el pr\u00f3ximo s\u00e1bado 30 de marzo.<\/p>\n<p style=\"text-align: justify;\"><iframe loading=\"lazy\" style=\"border: none; overflow: hidden;\" src=\"https:\/\/www.facebook.com\/plugins\/post.php?href=https:\/\/www.facebook.com\/media\/set\/?set=a.2541589439189413&amp;type=1&amp;l=fec3ca4a7c&amp;l=a77e327dc6&amp;l=f5951f1994&amp;l=bfecbb8adf&amp;l=687b6bf5da&amp;width=500&amp;show_text=true&amp;height=691&amp;appId\" width=\"500\" height=\"691\" frameborder=\"0\" scrolling=\"no\"><\/iframe><\/p>\n<p style=\"text-align: justify;\">La jornada de despedida cont\u00f3 con un variado show art\u00edstico donde participaron entre otros, Pasi\u00f3n Cuequera, Son de Yungay, Catastral, Barrio Sabor, Luis San Mart\u00edn, Los Faisales del Valle y Los Felinos de Yungay, quienes alegraron la jornada para desearle \u00e9xito al Campe\u00f3n Nacional de Cross Country, <strong>Juan Quijada Bustos<\/strong>, quien agradeci\u00f3 al p\u00fablico presente, y a todos los que lo han apoyado, se\u00f1alando adem\u00e1s que dar\u00e1 todo su esfuerzo en este nuevo desaf\u00edo deportivo.<\/p>\n<p style=\"text-align: justify;\">En la ocasi\u00f3n tambi\u00e9n particulares hicieron entrega de aportes y regalos al deportista, adem\u00e1s de la entrega de implementaci\u00f3n deportiva por parte de la Empresa ARAUCO, destacando tambi\u00e9n el aporte econ\u00f3mico entregado durante la semana por el Municipio Yungayino.<\/p>\n<p style=\"text-align: justify;\">[su_button url=\u00bbhttps:\/\/www.facebook.com\/media\/set\/?set=a.2541589439189413&amp;type=1&amp;l=fec3ca4a7c\u00bb target=\u00bbblank\u00bb size=\u00bb7&#8243; radius=\u00bbround\u00bb icon=\u00bbicon: facebook-square\u00bb]FOTOGRAF\u00cdAS &#8211; Yungayinos (as) Asistieron a Despedida de Deportista Juan Quijada, Quien Viaja a Dinamarca[\/su_button]<\/p>\n","protected":false},"excerpt":{"rendered":"<p>Yungay, domingo 24 de marzo 2019: El pasado viernes 22 de marzo en el Gimnasio Multiuso se llev\u00f3 a cabo una emotiva despedida por parte de la comunidad Yungayina al deportista Juan Quijada Bustos,&#46;&#46;&#46;<\/p>\n","protected":false},"author":2,"featured_media":20472,"comment_status":"closed","ping_status":"open","sticky":false,"template":"","format":"standard","meta":{"footnotes":""},"categories":[17,1],"tags":[1120,1914,1115,8,6,117],"class_list":["post-20471","post","type-post","status-publish","format-standard","has-post-thumbnail","hentry","category-deporte","category-noticias","tag-deporte","tag-juan-quijada","tag-noticias","tag-yungay","tag-yungayino","tag-yungayinocl"],"_links":{"self":[{"href":"https:\/\/www.yungayino.cl\/noticias\/index.php?rest_route=\/wp\/v2\/posts\/20471","targetHints":{"allow":["GET"]}}],"collection":[{"href":"https:\/\/www.yungayino.cl\/noticias\/index.php?rest_route=\/wp\/v2\/posts"}],"about":[{"href":"https:\/\/www.yungayino.cl\/noticias\/index.php?rest_route=\/wp\/v2\/types\/post"}],"author":[{"embeddable":true,"href":"https:\/\/www.yungayino.cl\/noticias\/index.php?rest_route=\/wp\/v2\/users\/2"}],"replies":[{"embeddable":true,"href":"https:\/\/www.yungayino.cl\/noticias\/index.php?rest_route=%2Fwp%2Fv2%2Fcomments&post=20471"}],"version-history":[{"count":1,"href":"https:\/\/www.yungayino.cl\/noticias\/index.php?rest_route=\/wp\/v2\/posts\/20471\/revisions"}],"predecessor-version":[{"id":20473,"href":"https:\/\/www.yungayino.cl\/noticias\/index.php?rest_route=\/wp\/v2\/posts\/20471\/revisions\/20473"}],"wp:featuredmedia":[{"embeddable":true,"href":"https:\/\/www.yungayino.cl\/noticias\/index.php?rest_route=\/wp\/v2\/media\/20472"}],"wp:attachment":[{"href":"https:\/\/www.yungayino.cl\/noticias\/index.php?rest_route=%2Fwp%2Fv2%2Fmedia&parent=20471"}],"wp:term":[{"taxonomy":"category","embeddable":true,"href":"https:\/\/www.yungayino.cl\/noticias\/index.php?rest_route=%2Fwp%2Fv2%2Fcategories&post=20471"},{"taxonomy":"post_tag","embeddable":true,"href":"https:\/\/www.yungayino.cl\/noticias\/index.php?rest_route=%2Fwp%2Fv2%2Ftags&post=20471"}],"curies":[{"name":"wp","href":"https:\/\/api.w.org\/{rel}","templated":true}]}}