{"id":2049,"date":"2009-09-24T11:00:11","date_gmt":"2009-09-24T15:00:11","guid":{"rendered":"http:\/\/www.yungayino.cl\/noticias\/?p=2049"},"modified":"2009-09-24T12:04:11","modified_gmt":"2009-09-24T16:04:11","slug":"movilizacion-paro-de-trabajadores-asociados-a-la-confederacion-nacional-de-trabajadores-forestales-de-chile-en-plantas-de-yungay","status":"publish","type":"post","link":"https:\/\/www.yungayino.cl\/noticias\/?p=2049","title":{"rendered":"Movilizaci\u00f3n Paro de Trabajadores Asociados a la Confederaci\u00f3n Nacional de Trabajadores Forestales de Chile en Plantas de Yungay"},"content":{"rendered":"<p><img decoding=\"async\" src=\"http:\/\/www.yungayino.cl\/imagenes\/paro20090923.jpg\" alt=\"Movilizaci\u00f3n de Paro de Trabajadores Asociados a la Confederaci\u00f3n Nacional de Trabajadores Forestales de Chile en Plantas de Yungay\" \/><\/p>\n<p align=\"justify\"><font size=\"2\">En movilizaci\u00f3n de paro se encuentran Trabajadores asociados a la Confederaci\u00f3n Nacional de Trabajadores Forestales de Chile vinculados directa e indirectamente al Holding Arauco en las Plantas ubicadas en Yungay, donde se encuentran entre otras Planta Trupan Cholgu\u00e1n, Aserradero Los Canelos y Remanufactura Melillanka, que a partir de las 22:30 horas del mi\u00e9rcoles 23 de septiembre iniciaron las movilizaciones, aproximadamente 200 personas. En la Provincia de \u00d1uble, adem\u00e1s de las plantas ubicadas en Yungay, podr\u00edan parar los Trabajadores del complejo Nueva Aldea, que comprende cuatro plantas y la industria de celulosa. En total, en la VIII Regi\u00f3n se estima que los Trabajadores son unos 17 mil, de los cuales la mitad aproximadamente estar\u00eda en la Provincia de \u00d1uble. Dentro del pliego de peticiones que los Trabajadores consideran para mejorar sus necesidades figuran la petici\u00f3n de un reajuste general de remuneraciones de 130 mil pesos y de un sueldo m\u00ednimo para todos los trabajadores del Holding de 250 mil pesos.<\/font><\/p>\n","protected":false},"excerpt":{"rendered":"<p>En movilizaci\u00f3n de paro se encuentran Trabajadores asociados a la Confederaci\u00f3n Nacional de Trabajadores Forestales de Chile vinculados directa e indirectamente al Holding Arauco en las Plantas ubicadas en Yungay, donde se encuentran entre&#46;&#46;&#46;<\/p>\n","protected":false},"author":2,"featured_media":15117,"comment_status":"open","ping_status":"open","sticky":false,"template":"","format":"standard","meta":{"footnotes":""},"categories":[1],"tags":[35,1115,8,6],"class_list":["post-2049","post","type-post","status-publish","format-standard","has-post-thumbnail","hentry","category-noticias","tag-cholguan","tag-noticias","tag-yungay","tag-yungayino"],"_links":{"self":[{"href":"https:\/\/www.yungayino.cl\/noticias\/index.php?rest_route=\/wp\/v2\/posts\/2049","targetHints":{"allow":["GET"]}}],"collection":[{"href":"https:\/\/www.yungayino.cl\/noticias\/index.php?rest_route=\/wp\/v2\/posts"}],"about":[{"href":"https:\/\/www.yungayino.cl\/noticias\/index.php?rest_route=\/wp\/v2\/types\/post"}],"author":[{"embeddable":true,"href":"https:\/\/www.yungayino.cl\/noticias\/index.php?rest_route=\/wp\/v2\/users\/2"}],"replies":[{"embeddable":true,"href":"https:\/\/www.yungayino.cl\/noticias\/index.php?rest_route=%2Fwp%2Fv2%2Fcomments&post=2049"}],"version-history":[{"count":4,"href":"https:\/\/www.yungayino.cl\/noticias\/index.php?rest_route=\/wp\/v2\/posts\/2049\/revisions"}],"predecessor-version":[{"id":2053,"href":"https:\/\/www.yungayino.cl\/noticias\/index.php?rest_route=\/wp\/v2\/posts\/2049\/revisions\/2053"}],"wp:featuredmedia":[{"embeddable":true,"href":"https:\/\/www.yungayino.cl\/noticias\/index.php?rest_route=\/wp\/v2\/media\/15117"}],"wp:attachment":[{"href":"https:\/\/www.yungayino.cl\/noticias\/index.php?rest_route=%2Fwp%2Fv2%2Fmedia&parent=2049"}],"wp:term":[{"taxonomy":"category","embeddable":true,"href":"https:\/\/www.yungayino.cl\/noticias\/index.php?rest_route=%2Fwp%2Fv2%2Fcategories&post=2049"},{"taxonomy":"post_tag","embeddable":true,"href":"https:\/\/www.yungayino.cl\/noticias\/index.php?rest_route=%2Fwp%2Fv2%2Ftags&post=2049"}],"curies":[{"name":"wp","href":"https:\/\/api.w.org\/{rel}","templated":true}]}}