{"id":20508,"date":"2019-04-01T19:00:56","date_gmt":"2019-04-01T22:00:56","guid":{"rendered":"http:\/\/www.yungayino.cl\/noticias\/?p=20508"},"modified":"2019-04-01T20:50:46","modified_gmt":"2019-04-01T23:50:46","slug":"dos-nuevos-alguaciles-juraron-para-carabineros-de-la-cuarta-comisaria-de-yungay","status":"publish","type":"post","link":"https:\/\/www.yungayino.cl\/noticias\/?p=20508","title":{"rendered":"Dos Nuevos Alguaciles Juraron Para Carabineros de la Cuarta Comisar\u00eda de Yungay"},"content":{"rendered":"<p><img loading=\"lazy\" decoding=\"async\" class=\"alignnone size-full wp-image-20509\" src=\"http:\/\/www.yungayino.cl\/noticias\/wp-content\/uploads\/2019\/04\/alguaciles_carabineros_2019.jpg\" alt=\"\" width=\"700\" height=\"350\" srcset=\"https:\/\/www.yungayino.cl\/noticias\/wp-content\/uploads\/2019\/04\/alguaciles_carabineros_2019.jpg 700w, https:\/\/www.yungayino.cl\/noticias\/wp-content\/uploads\/2019\/04\/alguaciles_carabineros_2019-300x150.jpg 300w\" sizes=\"auto, (max-width: 700px) 100vw, 700px\" \/><\/p>\n<p style=\"text-align: justify;\">Yungay, lunes 01 de abril 2019: Sr. Carlos Gatica y Sr. Cristian Pincheira juraron el pasado viernes 29 de marzo como nuevos Alguaciles de Carabineros de la Cuarta Comisar\u00eda de Yungay, en un acto solemne que se realiz\u00f3 en las dependencias del Auditorio de la Biblioteca P\u00fablica Oreste Montero.<\/p>\n<p style=\"text-align: justify;\">La ceremonia comenz\u00f3 con la entonaci\u00f3n del Himno Nacional, para luego dar lectura al Acta de Resoluci\u00f3n que nombra a los dos nuevos Alguaciles, seg\u00fan lo estipulado por la Oficina de Coordinaci\u00f3n Nacional del C\u00edrculo de Amigos de Carabineros de Chile de la Direcci\u00f3n de Bienestar de la Instituci\u00f3n.<\/p>\n<p style=\"text-align: justify;\"><iframe loading=\"lazy\" src=\"https:\/\/www.facebook.com\/plugins\/post.php?href=https:\/\/www.facebook.com\/yungayino.cl\/posts\/2553448274670196?__xts__%5B0%5D=68.ARBJ9JzcekQtCU9IQHl3bnj69p9CnUspiBHFGQJ6PIaqou7rIB89XxX2VMQmtPjsv6Lo5TUU_Zu6f5nAy-bGkNeRoRoRt5yVajEv1bkBzvFTnIC6Wnm3A-efMQlcP6Mrou298xegix1-4Mc32AJWASxzSWe6JLMWWCeiaXhhO7J1SrfjOX_h2h-uqNYenEbc5VDPwOXOPWi7wJZHJ-GrlS2K5AHBBTh2odCRy7bkktsNaQCTqdpkpo85rc8kYHQpMES4iCt7CaUPlUE3phNjNAgfbHuQo9hQQG-4ZqiIDN0nx1Pg8g_zMOb9W2Khyfnv_YXF6hY-WVJe-7u4QeQ7FILUZaikZD5pP0WNPKzmZC_nJC_Wq1pAhpDtdgiAPCLYPvhvvo8fri30eiZ0I8PkcY40RhE8o3QMKi6wvgZp_Stn8MoZyQvuxftP00shRalRTF0pVDlbR8cOcvqziCFJ&#038;__tn__=-R&#038;l=a77e327dc6&#038;l=f5951f1994&#038;l=bfecbb8adf&#038;l=687b6bf5da&#038;width=500&#038;show_text=true&#038;height=691&#038;appId\" width=\"500\" height=\"691\" style=\"border:none;overflow:hidden\" scrolling=\"no\" frameborder=\"0\" allowTransparency=\"true\"><\/iframe>\n<\/p>\n<p style=\"text-align: justify;\">De esta forma, procedieron a pasar al frente Sr. Carlos Gatica y Sr. Cristian Pincheira, quienes hicieron su juramento de honor en el Pabell\u00f3n Institucional, comprometi\u00e9ndose a defender la misi\u00f3n de Carabineros de Chile, entre los aplausos de los presentes.<\/p>\n<p style=\"text-align: justify;\">A continuaci\u00f3n, el Subprefecto Administrativo de la Repartici\u00f3n Teniente Coronel Sr. Leonardo Fern\u00e1ndez hizo entrega a ambos de las credenciales que los reconocen como Alguaciles. Asimismo, las se\u00f1oras de cada uno de ellos entregaron a sus maridos las respectivas piochas, en un momento lleno de emoci\u00f3n.<\/p>\n<p style=\"text-align: justify;\"><strong>Embajadores de Carabineros de Chile<\/strong><\/p>\n<p style=\"text-align: justify;\">\u201cHoy es un d\u00eda especial para nuestro C\u00edrculo, puesto que por sus convicciones personales, los altos valores que cultivan y el gran cari\u00f1o que han demostrado hacia la instituci\u00f3n que los cobija, se han hecho merecedores de ser nombrados Alguaciles de Carabineros. Deben tener en claro que ser Alguacil es un orgullo. En todo momento deben mostrar honorabilidad, virtudes ciudadanas, respeto por los valores Patrios y la legalidad institucional, siendo un nexo entre la civilidad y Carabineros, actuando como verdaderos embajadores, y en tal calidad, transmitirla en el \u00e1rea de sus quehaceres profesionales\u201d, se\u00f1al\u00f3 al Equipo del Portal Yungayino.cl el Presidente del C\u00edrculo de la Cuarta Comisar\u00eda de Carabineros Yungay, Alguacil Mayor Sr. Eduardo S\u00e1nchez.<\/p>\n<p style=\"text-align: justify;\">Destacar que la ceremonia cont\u00f3 con la asistencia del alcalde Sr. Rafael Cifuentes Rodr\u00edguez, Mayor de la Cuarta Comisar\u00eda de Yungay, Sr. Rodrigo D\u00edaz Albornoz, el Director Nacional Circulo Mayor Alguaciles, Sr. Ricardo Bernal, Relacionador Zonal, Sr. Oscar Irarr\u00e1zabal, Suboficiales Mayores, Suboficiales, Sargentos, Cabos Carabineros, Se\u00f1oras, Familiares\u00a0 e Invitados Especiales.<\/p>\n<p style=\"text-align: justify;\">Finalmente la ceremonia termin\u00f3 con la interpretaci\u00f3n del Himno Institucional para luego compartir un c\u00f3ctel de camarader\u00eda.<\/p>\n<p style=\"text-align: justify;\">[su_button url=\u00bbhttps:\/\/www.facebook.com\/pg\/yungayino.cl\/photos\/?tab=album&amp;album_id=2553447424670281&#8243; target=\u00bbblank\u00bb size=\u00bb7&#8243; radius=\u00bbround\u00bb icon=\u00bbicon: facebook-square\u00bb]FOTOGRAF\u00cdAS &#8211; Dos Nuevos Alguaciles Juraron Para Carabineros de la Cuarta Comisar\u00eda de Yungay[\/su_button]<\/p>\n","protected":false},"excerpt":{"rendered":"<p>Yungay, lunes 01 de abril 2019: Sr. Carlos Gatica y Sr. Cristian Pincheira juraron el pasado viernes 29 de marzo como nuevos Alguaciles de Carabineros de la Cuarta Comisar\u00eda de Yungay, en un acto&#46;&#46;&#46;<\/p>\n","protected":false},"author":2,"featured_media":20509,"comment_status":"closed","ping_status":"open","sticky":false,"template":"","format":"standard","meta":{"footnotes":""},"categories":[1],"tags":[1964,25,1115,8,6,117],"class_list":["post-20508","post","type-post","status-publish","format-standard","has-post-thumbnail","hentry","category-noticias","tag-alguaciles","tag-carabineros","tag-noticias","tag-yungay","tag-yungayino","tag-yungayinocl"],"_links":{"self":[{"href":"https:\/\/www.yungayino.cl\/noticias\/index.php?rest_route=\/wp\/v2\/posts\/20508","targetHints":{"allow":["GET"]}}],"collection":[{"href":"https:\/\/www.yungayino.cl\/noticias\/index.php?rest_route=\/wp\/v2\/posts"}],"about":[{"href":"https:\/\/www.yungayino.cl\/noticias\/index.php?rest_route=\/wp\/v2\/types\/post"}],"author":[{"embeddable":true,"href":"https:\/\/www.yungayino.cl\/noticias\/index.php?rest_route=\/wp\/v2\/users\/2"}],"replies":[{"embeddable":true,"href":"https:\/\/www.yungayino.cl\/noticias\/index.php?rest_route=%2Fwp%2Fv2%2Fcomments&post=20508"}],"version-history":[{"count":3,"href":"https:\/\/www.yungayino.cl\/noticias\/index.php?rest_route=\/wp\/v2\/posts\/20508\/revisions"}],"predecessor-version":[{"id":20512,"href":"https:\/\/www.yungayino.cl\/noticias\/index.php?rest_route=\/wp\/v2\/posts\/20508\/revisions\/20512"}],"wp:featuredmedia":[{"embeddable":true,"href":"https:\/\/www.yungayino.cl\/noticias\/index.php?rest_route=\/wp\/v2\/media\/20509"}],"wp:attachment":[{"href":"https:\/\/www.yungayino.cl\/noticias\/index.php?rest_route=%2Fwp%2Fv2%2Fmedia&parent=20508"}],"wp:term":[{"taxonomy":"category","embeddable":true,"href":"https:\/\/www.yungayino.cl\/noticias\/index.php?rest_route=%2Fwp%2Fv2%2Fcategories&post=20508"},{"taxonomy":"post_tag","embeddable":true,"href":"https:\/\/www.yungayino.cl\/noticias\/index.php?rest_route=%2Fwp%2Fv2%2Ftags&post=20508"}],"curies":[{"name":"wp","href":"https:\/\/api.w.org\/{rel}","templated":true}]}}