{"id":20532,"date":"2019-04-04T11:00:41","date_gmt":"2019-04-04T14:00:41","guid":{"rendered":"http:\/\/www.yungayino.cl\/noticias\/?p=20532"},"modified":"2019-04-04T16:01:21","modified_gmt":"2019-04-04T19:01:21","slug":"carabineros-inicio-nueva-ronda-masiva-preventiva-en-nuble","status":"publish","type":"post","link":"https:\/\/www.yungayino.cl\/noticias\/?p=20532","title":{"rendered":"Carabineros Inici\u00f3 Nueva Ronda Masiva Preventiva en \u00d1uble"},"content":{"rendered":"<p><img loading=\"lazy\" decoding=\"async\" class=\"alignnone size-full wp-image-20533\" src=\"http:\/\/www.yungayino.cl\/noticias\/wp-content\/uploads\/2019\/04\/carabineros_yungay_201904.jpg\" alt=\"\" width=\"700\" height=\"350\" srcset=\"https:\/\/www.yungayino.cl\/noticias\/wp-content\/uploads\/2019\/04\/carabineros_yungay_201904.jpg 700w, https:\/\/www.yungayino.cl\/noticias\/wp-content\/uploads\/2019\/04\/carabineros_yungay_201904-300x150.jpg 300w\" sizes=\"auto, (max-width: 700px) 100vw, 700px\" \/><\/p>\n<p style=\"text-align: justify;\">Yungay, jueves 04 de abril 2019: Con la finalidad de reforzar los servicios policiales y controles preventivos, Carabineros de \u00d1uble inici\u00f3 su d\u00e9cimo tercera ronda masiva. La estrategia se est\u00e1 replicando a nivel nacional y en la regi\u00f3n el lanzamiento estuvo encabezado por el Jefe de la XVI Zona de Carabineros, General Mario Sep\u00falveda, quien estuvo acompa\u00f1ado del Intendente Mart\u00edn Arrau. En las comunas y comisar\u00edas, el personal realiz\u00f3 el lanzamiento con autoridades de la zona.<\/p>\n<p style=\"text-align: justify;\"><iframe loading=\"lazy\" src=\"https:\/\/www.facebook.com\/plugins\/post.php?href=https:\/\/www.facebook.com\/yungayino.cl\/posts\/2557768030904887?__xts__%5B0%5D=68.ARBWCtBvOKfzrS-qJc3CXktNgvnC1H_YNDjsHU2Owa6-stu1kxudcg0kB08pcF-sbTZN7d4wDjfGauftZxJgAV6RjYa7Nr7Kzu-_l6nGY80-3JjJw30OfcXdQn2O-Ni5p6TgdOLVa1OTpTWN1GXkUQse2R2u2NGiv8ZHH78iYtrgzvgY07JSxvp1g-a4dZEr8mVu9BPeFSqmaUc_3kxNKmzKPOGeTiovBK6QZRur5v3VoGDGr_8AWGfGgQ7cI_8k4R4RvN-WqAioZXHnNV6TRvwWisJu9oInmWrFTtDzV3VpPw4ezxEvUfaSE3g3Z0MEl2Y_x9MFZEKDEgf3UrHN7Q2N6SzKxTS_nHDA76tjdG8wPY21Lcet98PY68jnZQRUCupOA_h6zJQgoIdMN_UqzqUKGpH3tx0MAq0poc9AGHnrDlHAQ1Xoc6xVod0G02NJwpcCHGESDOEYETN4T8vY&#038;__tn__=-R&#038;l=a77e327dc6&#038;l=f5951f1994&#038;l=bfecbb8adf&#038;l=687b6bf5da&#038;width=500&#038;show_text=true&#038;height=691&#038;appId\" width=\"500\" height=\"691\" style=\"border:none;overflow:hidden\" scrolling=\"no\" frameborder=\"0\" allowTransparency=\"true\"><\/iframe>\n<\/p>\n<p style=\"text-align: justify;\"><strong>Carabineros de Yungay Realiz\u00f3 Rondas Preventivas<\/strong><\/p>\n<p style=\"text-align: justify;\">Con respecto a la comuna de Yungay tambi\u00e9n se llev\u00f3 a cabo el d\u00eda de ayer refuerzo en controles preventivos al igual que a nivel nacional, as\u00ed lo destac\u00f3 el Mayor Comisario de la 4ta Comisar\u00eda de Yungay Sr. Rodrigo D\u00edaz Albornoz, quien se\u00f1alo al Equipo del Portal Yungayino.cl, que tambi\u00e9n est\u00e1n haciendo fiscalizaciones con respecto a las quemas no autorizadas, adem\u00e1s se\u00f1al\u00f3 que a pesar de los pocos recursos que cuenta Yungay con lo que respecta a la dotaci\u00f3n policial, reiter\u00f3 sus felicitaciones a sus Carabineros ya que esta semana fueron la comisaria mejor evaluada de la regi\u00f3n con lo que respecta a los servicios realizados, es por eso que los n\u00fameros no mienten comparados con los del a\u00f1o pasado, reiterando sus felicitaciones tanto a los Carabineros de Yungay, El Carmen, Pemuco y Campanario.<\/p>\n<p style=\"text-align: justify;\">Finalmente el Mayor Rodrigo D\u00edaz Albornoz tambi\u00e9n agradeci\u00f3 el apoyo del alcalde Rafael Cifuentes Rodr\u00edguez, destacando que con el municipio siempre han trabajo unidos y as\u00ed dar un mejor servicio a la comunidad, a la cual hizo un llamado a no dejar de denunciar y que concurran a la comisar\u00eda cuando sean v\u00edctima de alg\u00fan delito ya que por medio de la denuncia se puede mejorar el trabajo que realiza Carabineros.<\/p>\n<p style=\"text-align: justify;\">[su_button url=\u00bbhttps:\/\/www.facebook.com\/pg\/yungayino.cl\/photos\/?tab=album&amp;album_id=2557766974238326&#8243; target=\u00bbblank\u00bb size=\u00bb7&#8243; radius=\u00bbround\u00bb icon=\u00bbicon: facebook-square\u00bb]FOTOGRAF\u00cdAS &#8211; Carabineros Inici\u00f3 Nueva Ronda Masiva Preventiva en \u00d1uble[\/su_button]<\/p>\n","protected":false},"excerpt":{"rendered":"<p>Yungay, jueves 04 de abril 2019: Con la finalidad de reforzar los servicios policiales y controles preventivos, Carabineros de \u00d1uble inici\u00f3 su d\u00e9cimo tercera ronda masiva. La estrategia se est\u00e1 replicando a nivel nacional&#46;&#46;&#46;<\/p>\n","protected":false},"author":2,"featured_media":20533,"comment_status":"closed","ping_status":"open","sticky":false,"template":"","format":"standard","meta":{"footnotes":""},"categories":[1],"tags":[25,1115,1678,8,6,117],"class_list":["post-20532","post","type-post","status-publish","format-standard","has-post-thumbnail","hentry","category-noticias","tag-carabineros","tag-noticias","tag-nuble","tag-yungay","tag-yungayino","tag-yungayinocl"],"_links":{"self":[{"href":"https:\/\/www.yungayino.cl\/noticias\/index.php?rest_route=\/wp\/v2\/posts\/20532","targetHints":{"allow":["GET"]}}],"collection":[{"href":"https:\/\/www.yungayino.cl\/noticias\/index.php?rest_route=\/wp\/v2\/posts"}],"about":[{"href":"https:\/\/www.yungayino.cl\/noticias\/index.php?rest_route=\/wp\/v2\/types\/post"}],"author":[{"embeddable":true,"href":"https:\/\/www.yungayino.cl\/noticias\/index.php?rest_route=\/wp\/v2\/users\/2"}],"replies":[{"embeddable":true,"href":"https:\/\/www.yungayino.cl\/noticias\/index.php?rest_route=%2Fwp%2Fv2%2Fcomments&post=20532"}],"version-history":[{"count":3,"href":"https:\/\/www.yungayino.cl\/noticias\/index.php?rest_route=\/wp\/v2\/posts\/20532\/revisions"}],"predecessor-version":[{"id":20535,"href":"https:\/\/www.yungayino.cl\/noticias\/index.php?rest_route=\/wp\/v2\/posts\/20532\/revisions\/20535"}],"wp:featuredmedia":[{"embeddable":true,"href":"https:\/\/www.yungayino.cl\/noticias\/index.php?rest_route=\/wp\/v2\/media\/20533"}],"wp:attachment":[{"href":"https:\/\/www.yungayino.cl\/noticias\/index.php?rest_route=%2Fwp%2Fv2%2Fmedia&parent=20532"}],"wp:term":[{"taxonomy":"category","embeddable":true,"href":"https:\/\/www.yungayino.cl\/noticias\/index.php?rest_route=%2Fwp%2Fv2%2Fcategories&post=20532"},{"taxonomy":"post_tag","embeddable":true,"href":"https:\/\/www.yungayino.cl\/noticias\/index.php?rest_route=%2Fwp%2Fv2%2Ftags&post=20532"}],"curies":[{"name":"wp","href":"https:\/\/api.w.org\/{rel}","templated":true}]}}