{"id":20570,"date":"2019-04-09T18:00:06","date_gmt":"2019-04-09T21:00:06","guid":{"rendered":"http:\/\/www.yungayino.cl\/noticias\/?p=20570"},"modified":"2019-04-09T19:13:01","modified_gmt":"2019-04-09T22:13:01","slug":"se-inicia-postulacion-al-subsidio-para-sectores-medios-d-s-1","status":"publish","type":"post","link":"https:\/\/www.yungayino.cl\/noticias\/?p=20570","title":{"rendered":"Se Inicia Postulaci\u00f3n al Subsidio para Sectores Medios D.S.1"},"content":{"rendered":"<p><img loading=\"lazy\" decoding=\"async\" class=\"alignnone size-full wp-image-20571\" src=\"http:\/\/www.yungayino.cl\/noticias\/wp-content\/uploads\/2019\/04\/subsidio_clase_media_2019.jpg\" alt=\"\" width=\"700\" height=\"426\" srcset=\"https:\/\/www.yungayino.cl\/noticias\/wp-content\/uploads\/2019\/04\/subsidio_clase_media_2019.jpg 700w, https:\/\/www.yungayino.cl\/noticias\/wp-content\/uploads\/2019\/04\/subsidio_clase_media_2019-300x183.jpg 300w, https:\/\/www.yungayino.cl\/noticias\/wp-content\/uploads\/2019\/04\/subsidio_clase_media_2019-246x150.jpg 246w\" sizes=\"auto, (max-width: 700px) 100vw, 700px\" \/><\/p>\n<p style=\"text-align: justify;\">Regional, martes 09 de abril 2019: Desde este martes 9 de abril se inician las postulaciones al subsidio para sectores medios D.S.1, proceso que se extender\u00e1 hasta el 23 del mismo mes.<\/p>\n<p style=\"text-align: justify;\">Este programa del Ministerio de Vivienda y Urbanismo est\u00e1 destinado a familias de sectores medios que no son propietarias de una vivienda, que tienen capacidad de ahorro y posibilidad de complementar el valor de la vivienda con recursos propios o cr\u00e9dito hipotecario.<\/p>\n<p style=\"text-align: justify;\">\u201cEn este primer llamado 2019 fueron destinadas 95 mil 551 UF para la Regi\u00f3n de \u00d1uble, es decir sobre $2630 millones de pesos, beneficio que ir\u00e1 destinado a familias de los sectores medios, el motor de nuestra sociedad y qui\u00e9nes podr\u00e1n postular a esta ayuda del Estado en la compra o construcci\u00f3n de viviendas, cumpliendo de esta forma la promesa del gobierno del Presidente Sebasti\u00e1n Pi\u00f1era y del Ministro Cristian Monckeberg de trabajar arduamente para mejorar la calidad de vida de nuestros vecinos y vecinas\u201d, se\u00f1al\u00f3 el seremi de Vivienda y Urbanismo de \u00d1uble, Carlos Urrestarazu.<\/p>\n<p style=\"text-align: justify;\">Por su parte, el director regional de Serviu, \u00c1lvaro Pinto, se\u00f1al\u00f3 que desde este martes los funcionarios del Servicio de Vivienda y Urbanizaci\u00f3n estar\u00e1n recibiendo a los postulantes que previamente reservaron sus horas para este proceso \u201cson m\u00e1s de 1400 las horas que se reservaron para postular al subsidio dirigido a los sectores medios y como sabemos que el flujo de personas aumentar\u00e1 significativamente, dispondremos de 9 m\u00f3dulos de atenci\u00f3n exclusiva para ingresar las postulaciones al sistema\u201d, inform\u00f3 el director de Serviu \u00d1uble.<\/p>\n<p style=\"text-align: justify;\"><strong><u>Datos a Tener en Cuenta Para Postular<\/u><\/strong><\/p>\n<p style=\"text-align: justify;\">Las personas interesadas en postular deben contar con el ahorro m\u00ednimo que exige la alternativa de subsidio a la que desean acceder (desde 30 hasta 80 UF).<\/p>\n<p style=\"text-align: justify;\">La cuenta de ahorro debe tener, al menos, doce meses de antig\u00fcedad. Esto quiere decir que la fecha de apertura de la cuenta de ahorro no debe ser posterior al 30 de marzo de 2018.<\/p>\n<p style=\"text-align: justify;\">Los postulantes no deben superar el porcentaje de calificaci\u00f3n socioecon\u00f3mica del Registro Social de Hogares (RSH), correspondiente al t\u00edtulo de subsidio al que desea postular: a) T\u00edtulo I tramo 1: dentro del 60% de vulnerabilidad socioecon\u00f3mica b) T\u00edtulo I tramo 2: dentro del 80% de vulnerabilidad socioecon\u00f3mica c) T\u00edtulo II: dentro del 90% de vulnerabilidad socioecon\u00f3mica. d) Los Adultos Mayores que postulen al T\u00edtulo I (tramo 1 o 2), podr\u00e1n pertenecer hasta el 90% m\u00e1s vulnerable de la poblaci\u00f3n seg\u00fan el RSH.<\/p>\n","protected":false},"excerpt":{"rendered":"<p>Regional, martes 09 de abril 2019: Desde este martes 9 de abril se inician las postulaciones al subsidio para sectores medios D.S.1, proceso que se extender\u00e1 hasta el 23 del mismo mes. Este programa&#46;&#46;&#46;<\/p>\n","protected":false},"author":2,"featured_media":20571,"comment_status":"closed","ping_status":"open","sticky":false,"template":"","format":"standard","meta":{"footnotes":""},"categories":[3,1],"tags":[1115,1969,8,6,117],"class_list":["post-20570","post","type-post","status-publish","format-standard","has-post-thumbnail","hentry","category-actualidad","category-noticias","tag-noticias","tag-subsidio-sectores-medios","tag-yungay","tag-yungayino","tag-yungayinocl"],"_links":{"self":[{"href":"https:\/\/www.yungayino.cl\/noticias\/index.php?rest_route=\/wp\/v2\/posts\/20570","targetHints":{"allow":["GET"]}}],"collection":[{"href":"https:\/\/www.yungayino.cl\/noticias\/index.php?rest_route=\/wp\/v2\/posts"}],"about":[{"href":"https:\/\/www.yungayino.cl\/noticias\/index.php?rest_route=\/wp\/v2\/types\/post"}],"author":[{"embeddable":true,"href":"https:\/\/www.yungayino.cl\/noticias\/index.php?rest_route=\/wp\/v2\/users\/2"}],"replies":[{"embeddable":true,"href":"https:\/\/www.yungayino.cl\/noticias\/index.php?rest_route=%2Fwp%2Fv2%2Fcomments&post=20570"}],"version-history":[{"count":1,"href":"https:\/\/www.yungayino.cl\/noticias\/index.php?rest_route=\/wp\/v2\/posts\/20570\/revisions"}],"predecessor-version":[{"id":20572,"href":"https:\/\/www.yungayino.cl\/noticias\/index.php?rest_route=\/wp\/v2\/posts\/20570\/revisions\/20572"}],"wp:featuredmedia":[{"embeddable":true,"href":"https:\/\/www.yungayino.cl\/noticias\/index.php?rest_route=\/wp\/v2\/media\/20571"}],"wp:attachment":[{"href":"https:\/\/www.yungayino.cl\/noticias\/index.php?rest_route=%2Fwp%2Fv2%2Fmedia&parent=20570"}],"wp:term":[{"taxonomy":"category","embeddable":true,"href":"https:\/\/www.yungayino.cl\/noticias\/index.php?rest_route=%2Fwp%2Fv2%2Fcategories&post=20570"},{"taxonomy":"post_tag","embeddable":true,"href":"https:\/\/www.yungayino.cl\/noticias\/index.php?rest_route=%2Fwp%2Fv2%2Ftags&post=20570"}],"curies":[{"name":"wp","href":"https:\/\/api.w.org\/{rel}","templated":true}]}}