{"id":20594,"date":"2019-04-16T11:00:58","date_gmt":"2019-04-16T14:00:58","guid":{"rendered":"http:\/\/www.yungayino.cl\/noticias\/?p=20594"},"modified":"2019-04-16T13:04:00","modified_gmt":"2019-04-16T16:04:00","slug":"municipalidad-de-yungay-busca-implementar-senda-previene-en-la-comuna","status":"publish","type":"post","link":"https:\/\/www.yungayino.cl\/noticias\/?p=20594","title":{"rendered":"Municipalidad de Yungay Busca Implementar SENDA Previene en la Comuna"},"content":{"rendered":"<p><img loading=\"lazy\" decoding=\"async\" class=\"alignnone size-full wp-image-20595\" src=\"http:\/\/www.yungayino.cl\/noticias\/wp-content\/uploads\/2019\/04\/alcalde_concejales_senda.jpg\" alt=\"\" width=\"700\" height=\"350\" srcset=\"https:\/\/www.yungayino.cl\/noticias\/wp-content\/uploads\/2019\/04\/alcalde_concejales_senda.jpg 700w, https:\/\/www.yungayino.cl\/noticias\/wp-content\/uploads\/2019\/04\/alcalde_concejales_senda-300x150.jpg 300w\" sizes=\"auto, (max-width: 700px) 100vw, 700px\" \/><\/p>\n<p style=\"text-align: justify;\">Yungay martes 16 de abril 2019: El alcalde Rafael Cifuentes Rodr\u00edguez, junto al senador Felipe Harboe Bascu\u00f1an, se reunieron con el Director Nacional del Servicio Nacional para la Prevenci\u00f3n y Rehabilitaci\u00f3n del consumo de Drogas y Alcohol (SENDA) Carlos Charme Fuentes, para solicitar que se pueda instalar una oficina de dicha repartici\u00f3n en la comuna de Yungay.<\/p>\n<p style=\"text-align: justify;\"><iframe loading=\"lazy\" style=\"border: none; overflow: hidden;\" src=\"https:\/\/www.facebook.com\/plugins\/post.php?href=https:\/\/www.facebook.com\/yungayino.cl\/posts\/2576244565723900?__xts__%5B0%5D=68.ARDlLa6boWisxuZhXcLBdwaCcEeEcABKpigpl_12ThsYnQ8vY_T6_0bEMMRYiv40KVxSFAcxd6SKqJ0oCI3b6MPx7FD_7BB9wfkC8F7jKcbLOAlVkjbrLKeUuPGmFEzgbFdtH7cIVdbLqBhJmM9TfYOyG8U0M_asLK0PCzq4lm1lldRI36LDuoUvP1ZIWtuAMljZIBahycrUhlhjmCNgPD8JIxJzsCbQnB4yddwnYca6Aym_Aa4xYCvZXF-xt_xhfhNFjd4QpP9HIKE5jVcIx1b_lbcXXB6ww9jWo2GtRoRu_ll9JVU0a0ovkMYq8e1002XSOzJy4yPVhYNblaZWA9uOrnNrnf9_K8j31e3uz3OPgU45Q2qRFy8Jo6SlSrtY_d7KXXFqYG83dWilBJmaesal1gRyLNRDf2IY2cIF-MAZSbzASvnz_zBA8Zyw4X9VjmdmKHp7cXiiDFHjoRR0&amp;__tn__=-R&amp;l=a77e327dc6&amp;l=f5951f1994&amp;l=bfecbb8adf&amp;l=687b6bf5da&amp;width=500&amp;show_text=true&amp;height=691&amp;appId\" width=\"500\" height=\"691\" frameborder=\"0\" scrolling=\"no\"><\/iframe><\/p>\n<p style=\"text-align: justify;\">En la ocasi\u00f3n, tras realizar entrega de un oficio que justifica la necesidad de instalar a esta repartici\u00f3n p\u00fablica en la comuna, el director nacional se comprometi\u00f3 a realizar todas las gestiones posibles para abrir una oficina de SENDA Previene en Yungay, con el af\u00e1n de poder realizar un trabajo conjunto entre ambas instituciones p\u00fablicas, estableciendo acciones concretas que apunten a la prevenci\u00f3n, con \u00e9nfasis en el \u00e1mbito escolar, y fortaleciendo la aplicaci\u00f3n del material educativo.<\/p>\n<p style=\"text-align: justify;\">\u201cLa seguridad p\u00fablica est\u00e1 dentro de las prioridades de nuestra gesti\u00f3n municipal. Pensando en el bienestar de nuestras nuevas generaciones, tenemos la mejor disposici\u00f3n para instalar a SENDA en Yungay y movilizaremos todos los recursos para que este anhelo sea cumplido\u201d, afirm\u00f3 el alcalde Rafael Cifuentes Rodr\u00edguez.<\/p>\n<p style=\"text-align: justify;\">[su_button url=\u00bbhttps:\/\/www.facebook.com\/pg\/yungayino.cl\/photos\/?tab=album&amp;album_id=2576244435723913&#8243; target=\u00bbblank\u00bb size=\u00bb7&#8243; radius=\u00bbround\u00bb icon=\u00bbicon: facebook-square\u00bb]FOTOGRAF\u00cdAS &#8211; Municipalidad de Yungay Busca Implementar SENDA Previene en la Comuna[\/su_button]<\/p>\n","protected":false},"excerpt":{"rendered":"<p>Yungay martes 16 de abril 2019: El alcalde Rafael Cifuentes Rodr\u00edguez, junto al senador Felipe Harboe Bascu\u00f1an, se reunieron con el Director Nacional del Servicio Nacional para la Prevenci\u00f3n y Rehabilitaci\u00f3n del consumo de&#46;&#46;&#46;<\/p>\n","protected":false},"author":2,"featured_media":20595,"comment_status":"closed","ping_status":"open","sticky":false,"template":"","format":"standard","meta":{"footnotes":""},"categories":[3,1,32],"tags":[1115,1974,8,6,117],"class_list":["post-20594","post","type-post","status-publish","format-standard","has-post-thumbnail","hentry","category-actualidad","category-noticias","category-servicios","tag-noticias","tag-senda","tag-yungay","tag-yungayino","tag-yungayinocl"],"_links":{"self":[{"href":"https:\/\/www.yungayino.cl\/noticias\/index.php?rest_route=\/wp\/v2\/posts\/20594","targetHints":{"allow":["GET"]}}],"collection":[{"href":"https:\/\/www.yungayino.cl\/noticias\/index.php?rest_route=\/wp\/v2\/posts"}],"about":[{"href":"https:\/\/www.yungayino.cl\/noticias\/index.php?rest_route=\/wp\/v2\/types\/post"}],"author":[{"embeddable":true,"href":"https:\/\/www.yungayino.cl\/noticias\/index.php?rest_route=\/wp\/v2\/users\/2"}],"replies":[{"embeddable":true,"href":"https:\/\/www.yungayino.cl\/noticias\/index.php?rest_route=%2Fwp%2Fv2%2Fcomments&post=20594"}],"version-history":[{"count":2,"href":"https:\/\/www.yungayino.cl\/noticias\/index.php?rest_route=\/wp\/v2\/posts\/20594\/revisions"}],"predecessor-version":[{"id":20597,"href":"https:\/\/www.yungayino.cl\/noticias\/index.php?rest_route=\/wp\/v2\/posts\/20594\/revisions\/20597"}],"wp:featuredmedia":[{"embeddable":true,"href":"https:\/\/www.yungayino.cl\/noticias\/index.php?rest_route=\/wp\/v2\/media\/20595"}],"wp:attachment":[{"href":"https:\/\/www.yungayino.cl\/noticias\/index.php?rest_route=%2Fwp%2Fv2%2Fmedia&parent=20594"}],"wp:term":[{"taxonomy":"category","embeddable":true,"href":"https:\/\/www.yungayino.cl\/noticias\/index.php?rest_route=%2Fwp%2Fv2%2Fcategories&post=20594"},{"taxonomy":"post_tag","embeddable":true,"href":"https:\/\/www.yungayino.cl\/noticias\/index.php?rest_route=%2Fwp%2Fv2%2Ftags&post=20594"}],"curies":[{"name":"wp","href":"https:\/\/api.w.org\/{rel}","templated":true}]}}