{"id":20601,"date":"2019-04-18T10:00:36","date_gmt":"2019-04-18T13:00:36","guid":{"rendered":"http:\/\/www.yungayino.cl\/noticias\/?p=20601"},"modified":"2019-04-21T16:37:29","modified_gmt":"2019-04-21T19:37:29","slug":"senda-se-instalara-en-la-comuna-de-yungay","status":"publish","type":"post","link":"https:\/\/www.yungayino.cl\/noticias\/?p=20601","title":{"rendered":"Senda se instalar\u00e1 en la comuna de Yungay"},"content":{"rendered":"<p><img loading=\"lazy\" decoding=\"async\" class=\"alignnone size-full wp-image-20602\" src=\"http:\/\/www.yungayino.cl\/noticias\/wp-content\/uploads\/2019\/04\/senda_yungay_2019.jpg\" alt=\"\" width=\"700\" height=\"350\" srcset=\"https:\/\/www.yungayino.cl\/noticias\/wp-content\/uploads\/2019\/04\/senda_yungay_2019.jpg 700w, https:\/\/www.yungayino.cl\/noticias\/wp-content\/uploads\/2019\/04\/senda_yungay_2019-300x150.jpg 300w\" sizes=\"auto, (max-width: 700px) 100vw, 700px\" \/><\/p>\n<p style=\"text-align: justify;\">Yungay, abril 2019: Luego de las gestiones realizadas el pasado lunes 15 de abril por el senador Felipe Harboe junto al alcalde de Yungay Rafael Cifuentes, el Director Nacional de Senda, Carlos Charme, confirm\u00f3 que se instalar\u00e1 una oficina de la instituci\u00f3n en la comuna, concretando as\u00ed un anhelo y compromiso que apunta a la prevenci\u00f3n y rehabilitaci\u00f3n de los j\u00f3venes yungayinos en cuanto al consumo de drogas y alcohol.<\/p>\n<p style=\"text-align: justify;\">Tal como lo expres\u00f3 el alcalde, la preocupaci\u00f3n de la administraci\u00f3n radicaba en la temprana edad en la que los j\u00f3venes de la comuna caen en el consumo de drogas, haci\u00e9ndose imperiosas la implementaci\u00f3n de estrategias para prevenir y enfrentar este problema.<\/p>\n<p style=\"text-align: justify;\">Al respecto, el senador Harboe expres\u00f3 que con esto \u201chemos logrado algo que parec\u00eda imposible. Que Senda se instale directamente en la comuna de Yungay significa que ya no vamos a depender de Chill\u00e1n o Cabrero, sino que tendremos una oficina que va a permitir que se implementen todos los programas preventivos en torno al consumo de alcohol y drogas, particularmente en los menores de edad\u201d, indic\u00f3.<\/p>\n<p style=\"text-align: justify;\">Tanto el alcalde como el parlamentario agradecieron al director de Senda por la r\u00e1pida respuesta, explicando que el municipio se har\u00e1 cargo de poner una oficina y un funcionario, mientras que Senda enviar\u00e1 otro funcionario para poder dar inicio a todos los programas especializados en esta materia en nuestra comuna.<\/p>\n","protected":false},"excerpt":{"rendered":"<p>Yungay, abril 2019: Luego de las gestiones realizadas el pasado lunes 15 de abril por el senador Felipe Harboe junto al alcalde de Yungay Rafael Cifuentes, el Director Nacional de Senda, Carlos Charme, confirm\u00f3&#46;&#46;&#46;<\/p>\n","protected":false},"author":2,"featured_media":20602,"comment_status":"closed","ping_status":"open","sticky":false,"template":"","format":"standard","meta":{"footnotes":""},"categories":[3,1,32],"tags":[1115,1974,8,6,117],"class_list":["post-20601","post","type-post","status-publish","format-standard","has-post-thumbnail","hentry","category-actualidad","category-noticias","category-servicios","tag-noticias","tag-senda","tag-yungay","tag-yungayino","tag-yungayinocl"],"_links":{"self":[{"href":"https:\/\/www.yungayino.cl\/noticias\/index.php?rest_route=\/wp\/v2\/posts\/20601","targetHints":{"allow":["GET"]}}],"collection":[{"href":"https:\/\/www.yungayino.cl\/noticias\/index.php?rest_route=\/wp\/v2\/posts"}],"about":[{"href":"https:\/\/www.yungayino.cl\/noticias\/index.php?rest_route=\/wp\/v2\/types\/post"}],"author":[{"embeddable":true,"href":"https:\/\/www.yungayino.cl\/noticias\/index.php?rest_route=\/wp\/v2\/users\/2"}],"replies":[{"embeddable":true,"href":"https:\/\/www.yungayino.cl\/noticias\/index.php?rest_route=%2Fwp%2Fv2%2Fcomments&post=20601"}],"version-history":[{"count":1,"href":"https:\/\/www.yungayino.cl\/noticias\/index.php?rest_route=\/wp\/v2\/posts\/20601\/revisions"}],"predecessor-version":[{"id":20603,"href":"https:\/\/www.yungayino.cl\/noticias\/index.php?rest_route=\/wp\/v2\/posts\/20601\/revisions\/20603"}],"wp:featuredmedia":[{"embeddable":true,"href":"https:\/\/www.yungayino.cl\/noticias\/index.php?rest_route=\/wp\/v2\/media\/20602"}],"wp:attachment":[{"href":"https:\/\/www.yungayino.cl\/noticias\/index.php?rest_route=%2Fwp%2Fv2%2Fmedia&parent=20601"}],"wp:term":[{"taxonomy":"category","embeddable":true,"href":"https:\/\/www.yungayino.cl\/noticias\/index.php?rest_route=%2Fwp%2Fv2%2Fcategories&post=20601"},{"taxonomy":"post_tag","embeddable":true,"href":"https:\/\/www.yungayino.cl\/noticias\/index.php?rest_route=%2Fwp%2Fv2%2Ftags&post=20601"}],"curies":[{"name":"wp","href":"https:\/\/api.w.org\/{rel}","templated":true}]}}