{"id":20604,"date":"2019-04-21T10:00:47","date_gmt":"2019-04-21T13:00:47","guid":{"rendered":"http:\/\/www.yungayino.cl\/noticias\/?p=20604"},"modified":"2019-04-21T16:41:03","modified_gmt":"2019-04-21T19:41:03","slug":"director-de-sercotec-invita-a-postular-a-emprendedores-y-microempresarios-de-capital-abeja-semilla-y-crece","status":"publish","type":"post","link":"https:\/\/www.yungayino.cl\/noticias\/?p=20604","title":{"rendered":"Director de Sercotec Invita a Postular a Emprendedores y Microempresarios de Capital Abeja, Semilla y Crece"},"content":{"rendered":"<p><img loading=\"lazy\" decoding=\"async\" class=\"size-full wp-image-20605\" src=\"http:\/\/www.yungayino.cl\/noticias\/wp-content\/uploads\/2019\/04\/sercotec_2019.jpg\" alt=\"\" width=\"700\" height=\"350\" srcset=\"https:\/\/www.yungayino.cl\/noticias\/wp-content\/uploads\/2019\/04\/sercotec_2019.jpg 700w, https:\/\/www.yungayino.cl\/noticias\/wp-content\/uploads\/2019\/04\/sercotec_2019-300x150.jpg 300w\" sizes=\"auto, (max-width: 700px) 100vw, 700px\" \/><\/p>\n<p style=\"text-align: justify;\">Nacional, abril 2019: el 16 de abril se abri\u00f3 la postulaci\u00f3n al programa Crece destinado al apoyo de microempresarios, aquellos que ya cuentan con inicio de actividades y ventas demostrables ante SII, lo que se suma a los capitales de emprendimiento cuyas postulaciones a\u00fan est\u00e1n vigentes \u2013Semilla y Abeja-. Estas tres l\u00edneas de financiamiento no discriminan por rubro, pero requieren de valor agregado, por lo tanto, la invitaci\u00f3n es so\u00f1ar, iniciar o hacer crecer su negocio, se\u00f1al\u00f3 el Director Regional.<\/p>\n<p style=\"text-align: justify;\">Rodrigo Parra es un emprendedor de la comuna de Chill\u00e1n Viejo que postul\u00f3 al capital Semilla para fortalecer impulsar su negocio Plant &amp; Fruit (<a href=\"http:\/\/www.plant-fruit.com\/?fbclid=IwAR1k0uOzR2da51JaPE_2InhSJhMtK6RahomobHp1BVh02DcOEMTMFOodQzg\">www.plant-fruit.com<\/a>), el que es un laboratorio de tejidos vegetales dedicado a la multiplicaci\u00f3n clonal \u00a0(in vitro) de plantas de alto valor agroecon\u00f3mico tales como Cerezos, Maqui y Ar\u00e1ndanos. Si bien no todos los emprendimientos no son tan disruptivos, esta es una muestra de que nuestra vocaci\u00f3n agr\u00edcola debe como valor agregado por nuestros emprendedores.<\/p>\n<p style=\"text-align: justify;\">Ignacio Karim Vidal Mufdi se\u00f1al\u00f3 que \u201cestamos muy comprometidos con el apoyo a la clase media, quienes son los que reciben menos apoyo, por eso a trav\u00e9s de Sercotec estamos trabajando m\u00e1s all\u00e1 de nuestras obligaciones y hemos presentado iniciativas al Gore \u00d1uble para aumentar los recursos destinados a nuestros emprendedores y<\/p>\n<p style=\"text-align: justify;\">microempresarios, quienes son los so\u00f1adores que impulsan nuestra regi\u00f3n y por la nobleza de su labor, c\u00f3mo no trabajar m\u00e1s para apoyarlos mejor\u201d.<\/p>\n<p style=\"text-align: justify;\">Para las nuevas convocatorias, el sistema de postulaci\u00f3n se simplific\u00f3 sustancialmente, y todas se realizan a trav\u00e9s de <a href=\"https:\/\/www.sercotec.cl\/\">https:\/\/www.sercotec.cl<\/a>, donde se responden preguntas que reflejan un modelo de negocios acompa\u00f1ado de un video de 90 segundos. El Capital Abeja estar\u00e1 vigente hasta el 23 de abril, el Semilla hasta el 30 de abril y el Crece hasta el d\u00eda 7 de mayo.<\/p>\n","protected":false},"excerpt":{"rendered":"<p>Nacional, abril 2019: el 16 de abril se abri\u00f3 la postulaci\u00f3n al programa Crece destinado al apoyo de microempresarios, aquellos que ya cuentan con inicio de actividades y ventas demostrables ante SII, lo que&#46;&#46;&#46;<\/p>\n","protected":false},"author":2,"featured_media":20605,"comment_status":"closed","ping_status":"open","sticky":false,"template":"","format":"standard","meta":{"footnotes":""},"categories":[1],"tags":[1115,160,8,6,117],"class_list":["post-20604","post","type-post","status-publish","format-standard","has-post-thumbnail","hentry","category-noticias","tag-noticias","tag-sercotec","tag-yungay","tag-yungayino","tag-yungayinocl"],"_links":{"self":[{"href":"https:\/\/www.yungayino.cl\/noticias\/index.php?rest_route=\/wp\/v2\/posts\/20604","targetHints":{"allow":["GET"]}}],"collection":[{"href":"https:\/\/www.yungayino.cl\/noticias\/index.php?rest_route=\/wp\/v2\/posts"}],"about":[{"href":"https:\/\/www.yungayino.cl\/noticias\/index.php?rest_route=\/wp\/v2\/types\/post"}],"author":[{"embeddable":true,"href":"https:\/\/www.yungayino.cl\/noticias\/index.php?rest_route=\/wp\/v2\/users\/2"}],"replies":[{"embeddable":true,"href":"https:\/\/www.yungayino.cl\/noticias\/index.php?rest_route=%2Fwp%2Fv2%2Fcomments&post=20604"}],"version-history":[{"count":1,"href":"https:\/\/www.yungayino.cl\/noticias\/index.php?rest_route=\/wp\/v2\/posts\/20604\/revisions"}],"predecessor-version":[{"id":20606,"href":"https:\/\/www.yungayino.cl\/noticias\/index.php?rest_route=\/wp\/v2\/posts\/20604\/revisions\/20606"}],"wp:featuredmedia":[{"embeddable":true,"href":"https:\/\/www.yungayino.cl\/noticias\/index.php?rest_route=\/wp\/v2\/media\/20605"}],"wp:attachment":[{"href":"https:\/\/www.yungayino.cl\/noticias\/index.php?rest_route=%2Fwp%2Fv2%2Fmedia&parent=20604"}],"wp:term":[{"taxonomy":"category","embeddable":true,"href":"https:\/\/www.yungayino.cl\/noticias\/index.php?rest_route=%2Fwp%2Fv2%2Fcategories&post=20604"},{"taxonomy":"post_tag","embeddable":true,"href":"https:\/\/www.yungayino.cl\/noticias\/index.php?rest_route=%2Fwp%2Fv2%2Ftags&post=20604"}],"curies":[{"name":"wp","href":"https:\/\/api.w.org\/{rel}","templated":true}]}}