{"id":20611,"date":"2019-04-23T20:00:02","date_gmt":"2019-04-23T23:00:02","guid":{"rendered":"http:\/\/www.yungayino.cl\/noticias\/?p=20611"},"modified":"2019-04-23T22:38:06","modified_gmt":"2019-04-24T01:38:06","slug":"directora-s-del-hospital-comunitario-de-salud-familiar-pedro-morales-campos-de-yungay-realizo-rendicion-de-cuenta-publica-participativa-gestion-2018","status":"publish","type":"post","link":"https:\/\/www.yungayino.cl\/noticias\/?p=20611","title":{"rendered":"Directora (s) del Hospital Comunitario de Salud Familiar Pedro Morales Campos de Yungay Realiz\u00f3 Rendici\u00f3n de Cuenta P\u00fablica Participativa Gesti\u00f3n 2018"},"content":{"rendered":"<p><img loading=\"lazy\" decoding=\"async\" class=\"alignnone size-full wp-image-20612\" src=\"http:\/\/www.yungayino.cl\/noticias\/wp-content\/uploads\/2019\/04\/hospital_cuenta_publica_2019.jpg\" alt=\"\" width=\"700\" height=\"350\" srcset=\"https:\/\/www.yungayino.cl\/noticias\/wp-content\/uploads\/2019\/04\/hospital_cuenta_publica_2019.jpg 700w, https:\/\/www.yungayino.cl\/noticias\/wp-content\/uploads\/2019\/04\/hospital_cuenta_publica_2019-300x150.jpg 300w\" sizes=\"auto, (max-width: 700px) 100vw, 700px\" \/><\/p>\n<p style=\"text-align: justify;\">Yungay, martes 23 de abril 2019: En la sala de reuniones del hospital la Directora (s) del Hospital Comunitario de Salud Familiar Pedro Morales Campos de Yungay, Srta. Joselyn Pavez Cuadra, realiz\u00f3 la rendici\u00f3n de la Cuenta P\u00fablica Participativa Gesti\u00f3n 2018, cumpliendo as\u00ed con lo establecido por el Ministerio de Salud.<\/p>\n<p style=\"text-align: justify;\"><iframe loading=\"lazy\" style=\"border: none; overflow: hidden;\" src=\"https:\/\/www.facebook.com\/plugins\/post.php?href=https:\/\/www.facebook.com\/yungayino.cl\/posts\/2589173537764336?__xts__%5B0%5D=68.ARDdgt1WiTRErBbyaRSCl_YSOHxAlgPlyu4UhwFnD7NuWgSJ1fm9pdf8OvxbyhsEV_GO1oUp9WO8cU0IAr36IfypmMpJcYJSGWpPNEQ5ygIhc14QrCXKb9BmYLjFZeaTOuSD0ySu8qqOQrmrDjPAT-MS8t-GrdGexcgxx65JdfYBeG-eQ3Gze42rtEHkR1VYu_YSdYegwKL9kBtZ1e0Fa0cLWrSFaQNuZxT7dv-pR7omav9VBb2zWRc4DBQJYZmWQCnyHTkPDo0OBbTrgQaG-aP1OizVItSkN_QAuEskorroi2W9APwMe3_QnfLgpysQ2ZDbXzZLgFiRY2si2ttRICg0y7M-qrZNeb2lvhXPPRInj2IiKEIOzrRN8mRmwN9p5Y5TNQiCK5rFYJUfSECaKjIrq5svmg5LR8PBmZbYZPf1-WWAmmvmJNSwe7Zzm7FIxIQiA7ABX7KGcTqvGKUG&amp;__tn__=-R&amp;l=a77e327dc6&amp;l=f5951f1994&amp;l=bfecbb8adf&amp;l=687b6bf5da&amp;width=500&amp;show_text=true&amp;height=691&amp;appId\" width=\"500\" height=\"691\" frameborder=\"0\" scrolling=\"no\"><\/iframe><\/p>\n<p style=\"text-align: justify;\">La Directora (s) realiz\u00f3 su exposici\u00f3n en una presentaci\u00f3n muy did\u00e1ctica, donde expuso diversas estad\u00edsticas y logros obtenidos durante el 2018, con la finalidad de mostrar a la comunidad el trabajo realizado durante el a\u00f1o, adem\u00e1s valor\u00f3 el trabajo del equipo m\u00e9dico, funcionarios e integrantes del consejo de desarrollo.<\/p>\n<p style=\"text-align: justify;\">La jornada cont\u00f3 con la participaci\u00f3n de Representantes del Servicio de Salud \u00d1uble, Concejales, Representantes del Municipio, Bomberos, Gendarmer\u00eda, Funcionarios del Hospital, Integrantes del Consejo de Desarrollo, Dirigentes Sociales e Invitados Especiales.<\/p>\n<p style=\"text-align: justify;\">Finalmente la Directora y las personas que trabajaron en esta cuenta p\u00fablica agradecieron a todos los presentes por su asistencia.<\/p>\n<p style=\"text-align: justify;\">[su_button url=\u00bbhttps:\/\/www.facebook.com\/pg\/yungayino.cl\/photos\/?tab=album&amp;album_id=2589171597764530&#8243; target=\u00bbblank\u00bb size=\u00bb7&#8243; radius=\u00bbround\u00bb icon=\u00bbicon: facebook-square\u00bb]FOTOGRAF\u00cdAS &#8211; Directora (s) del Hospital Comunitario de Salud Familiar Pedro Morales Campos de Yungay Realiz\u00f3 Rendici\u00f3n de Cuenta P\u00fablica Participativa Gesti\u00f3n 2018[\/su_button]<\/p>\n","protected":false},"excerpt":{"rendered":"<p>Yungay, martes 23 de abril 2019: En la sala de reuniones del hospital la Directora (s) del Hospital Comunitario de Salud Familiar Pedro Morales Campos de Yungay, Srta. Joselyn Pavez Cuadra, realiz\u00f3 la rendici\u00f3n&#46;&#46;&#46;<\/p>\n","protected":false},"author":2,"featured_media":20612,"comment_status":"closed","ping_status":"open","sticky":false,"template":"","format":"standard","meta":{"footnotes":""},"categories":[1,1675],"tags":[365,84,1115,65,8,6,117],"class_list":["post-20611","post","type-post","status-publish","format-standard","has-post-thumbnail","hentry","category-noticias","category-saludc","tag-cuenta-publica","tag-hospital","tag-noticias","tag-salud","tag-yungay","tag-yungayino","tag-yungayinocl"],"_links":{"self":[{"href":"https:\/\/www.yungayino.cl\/noticias\/index.php?rest_route=\/wp\/v2\/posts\/20611","targetHints":{"allow":["GET"]}}],"collection":[{"href":"https:\/\/www.yungayino.cl\/noticias\/index.php?rest_route=\/wp\/v2\/posts"}],"about":[{"href":"https:\/\/www.yungayino.cl\/noticias\/index.php?rest_route=\/wp\/v2\/types\/post"}],"author":[{"embeddable":true,"href":"https:\/\/www.yungayino.cl\/noticias\/index.php?rest_route=\/wp\/v2\/users\/2"}],"replies":[{"embeddable":true,"href":"https:\/\/www.yungayino.cl\/noticias\/index.php?rest_route=%2Fwp%2Fv2%2Fcomments&post=20611"}],"version-history":[{"count":2,"href":"https:\/\/www.yungayino.cl\/noticias\/index.php?rest_route=\/wp\/v2\/posts\/20611\/revisions"}],"predecessor-version":[{"id":20614,"href":"https:\/\/www.yungayino.cl\/noticias\/index.php?rest_route=\/wp\/v2\/posts\/20611\/revisions\/20614"}],"wp:featuredmedia":[{"embeddable":true,"href":"https:\/\/www.yungayino.cl\/noticias\/index.php?rest_route=\/wp\/v2\/media\/20612"}],"wp:attachment":[{"href":"https:\/\/www.yungayino.cl\/noticias\/index.php?rest_route=%2Fwp%2Fv2%2Fmedia&parent=20611"}],"wp:term":[{"taxonomy":"category","embeddable":true,"href":"https:\/\/www.yungayino.cl\/noticias\/index.php?rest_route=%2Fwp%2Fv2%2Fcategories&post=20611"},{"taxonomy":"post_tag","embeddable":true,"href":"https:\/\/www.yungayino.cl\/noticias\/index.php?rest_route=%2Fwp%2Fv2%2Ftags&post=20611"}],"curies":[{"name":"wp","href":"https:\/\/api.w.org\/{rel}","templated":true}]}}