{"id":20630,"date":"2019-04-26T23:00:11","date_gmt":"2019-04-27T02:00:11","guid":{"rendered":"http:\/\/www.yungayino.cl\/noticias\/?p=20630"},"modified":"2023-04-30T16:58:42","modified_gmt":"2023-04-30T20:58:42","slug":"alcalde-de-yungay-rinde-cuenta-publica-periodo-2018","status":"publish","type":"post","link":"https:\/\/www.yungayino.cl\/noticias\/?p=20630","title":{"rendered":"Alcalde de Yungay Rinde Cuenta P\u00fablica Periodo 2018"},"content":{"rendered":"<p><img loading=\"lazy\" decoding=\"async\" class=\"alignnone size-full wp-image-20631\" src=\"http:\/\/www.yungayino.cl\/noticias\/wp-content\/uploads\/2019\/04\/municipalidad_cuenta_publica_2019.jpg\" alt=\"\" width=\"700\" height=\"350\" srcset=\"https:\/\/www.yungayino.cl\/noticias\/wp-content\/uploads\/2019\/04\/municipalidad_cuenta_publica_2019.jpg 700w, https:\/\/www.yungayino.cl\/noticias\/wp-content\/uploads\/2019\/04\/municipalidad_cuenta_publica_2019-300x150.jpg 300w\" sizes=\"auto, (max-width: 700px) 100vw, 700px\" \/><\/p>\n<p style=\"text-align: justify;\">Yungay, viernes 26 de abril de 2019: En conformidad a lo se\u00f1alado en la Ley 18.695 Org\u00e1nica Constitucional de Municipalidades, \u201cel alcalde deber\u00e1 dar cuenta p\u00fablica al concejo, al consejo comunal de organizaciones de la sociedad civil y al consejo comunal de seguridad p\u00fablica, a m\u00e1s tardar en el mes de abril de cada a\u00f1o, de su gesti\u00f3n anual y de la marcha general de la municipalidad\u2026\u201c, indica parte del art\u00edculo 67.<\/p>\n<p style=\"text-align: justify;\"><iframe loading=\"lazy\" style=\"border: none; overflow: hidden;\" src=\"https:\/\/www.facebook.com\/plugins\/post.php?href=https:\/\/www.facebook.com\/yungayino.cl\/posts\/2595978773750479?__xts__%5B0%5D=68.ARDgAuZmny3ekwB8fJT2puStXWxFpGRwiG5BJGO4gT7dHmrYR9SAgoj0om3On4Dw4aujjnpCEW2gVz1RU7-AecBCcGgAe8seCkfhi4BTHR9D_SXFRtjyx838Lb8ZqNO8KI0Ozw4sNqln_7IuvkKPyGUTTgI03-Wf4tWa2ZV_EJfuj7j5QlxibHkTVz7dXP7RfsKnnuBsynoO4M3C7_Dw-xJhtP8N0Tf5XuZyh9klqf9eWiZrpq4N8E7WtykoXy7AEoKz3yznLP5u52AgEeMrDpmDNl8L7VBKq5mhg5Ftwmi5E-S8yzH7MgUjuInh_JnNWFqALd9nAfvmmdCVFeXQ6hagfK8EaUUGe0OLjA9qfirdjQhwBYYSQSpgWYT3C3st8ITcJds1RkZ3EIHY0hkhZXfGqLSS2zlfq0gzvyxZsd9_32QureHzR-nXMAIhWqMrHRAJmJ12yGRgXS2oQY3t&amp;__tn__=-R&amp;l=a77e327dc6&amp;l=f5951f1994&amp;l=bfecbb8adf&amp;l=687b6bf5da&amp;width=500&amp;show_text=true&amp;height=691&amp;appId\" width=\"500\" height=\"691\" frameborder=\"0\" scrolling=\"no\"><\/iframe><\/p>\n<p style=\"text-align: justify;\">Fue as\u00ed que durante la ma\u00f1ana de hoy viernes 26 de abril el alcalde de la comuna, Sr. Rafael Cifuentes Rodr\u00edguez, encabez\u00f3 la sesi\u00f3n extraordinaria para este \u00fanico punto, la Cuenta P\u00fablica 2018, en el Auditorio de la Biblioteca Municipal frente a los concejales Sra. Ang\u00e9lica Cabezas, Sra. Juana Sandoval, Sra. Patricia Moncada, Sr. Ricardo Ramos, Sr. Rodrigo Stuardo y Sr. Juan Quezada, junto a autoridades locales y dirigentes vecinales.<\/p>\n<p style=\"text-align: justify;\">El inicio de la jornada contempl\u00f3 la apertura de la sesi\u00f3n de reuni\u00f3n del Consejo Municipal, donde solicito la aprobaci\u00f3n de este para comenzar con las presentaciones de los propios directores de los diferentes departamentos municipales, quienes expusieron sus presentaciones din\u00e1micas a los asistentes.<\/p>\n<p style=\"text-align: justify;\">El alcalde Sr. Rafael Cifuentes se\u00f1alo al Equipo del Portal Yungayino.cl, estar muy contento por lo logrado en poco tiempo, donde destac\u00f3 tener saneado el presupuesto municipal, que es la base de esencia de todo lo que se puede hacer en la comuna, donde se\u00f1al\u00f3 haber recibido cuentas fiscales muy malas con mucho d\u00e9ficit en cada uno de los departamentos en el presupuesto municipal, pero sin embargo se logr\u00f3 ordenar, y hoy se han podido hacer inversiones de obras con recursos propios, todo esto gracias al esfuerzo y trabajo de cada director, finalmente reiter\u00f3 estar contento destacando las presentaciones expuestas por cada director, donde se ve que la materia gruesa se ha ido solucionado que es lo importante.<\/p>\n<p style=\"text-align: justify;\">Para finalizar esta actividad los asistentes compartieron un c\u00f3ctel.<\/p>\n<p style=\"text-align: justify;\">[su_button url=\u00bbhttps:\/\/www.facebook.com\/pg\/yungayino.cl\/photos\/?tab=album&amp;album_id=2595974997084190&#8243; target=\u00bbblank\u00bb size=\u00bb7&#8243; radius=\u00bbround\u00bb icon=\u00bbicon: facebook-square\u00bb]FOTOGRAF\u00cdAS &#8211; Alcalde de Yungay Rinde Cuenta P\u00fablica Periodo 2018[\/su_button]<\/p>\n","protected":false},"excerpt":{"rendered":"<p>Yungay, viernes 26 de abril de 2019: En conformidad a lo se\u00f1alado en la Ley 18.695 Org\u00e1nica Constitucional de Municipalidades, \u201cel alcalde deber\u00e1 dar cuenta p\u00fablica al concejo, al consejo comunal de organizaciones de&#46;&#46;&#46;<\/p>\n","protected":false},"author":2,"featured_media":20631,"comment_status":"closed","ping_status":"open","sticky":false,"template":"","format":"standard","meta":{"footnotes":""},"categories":[3,1],"tags":[365,356,1115,8,6,117],"class_list":["post-20630","post","type-post","status-publish","format-standard","has-post-thumbnail","hentry","category-actualidad","category-noticias","tag-cuenta-publica","tag-municipalidad","tag-noticias","tag-yungay","tag-yungayino","tag-yungayinocl"],"_links":{"self":[{"href":"https:\/\/www.yungayino.cl\/noticias\/index.php?rest_route=\/wp\/v2\/posts\/20630","targetHints":{"allow":["GET"]}}],"collection":[{"href":"https:\/\/www.yungayino.cl\/noticias\/index.php?rest_route=\/wp\/v2\/posts"}],"about":[{"href":"https:\/\/www.yungayino.cl\/noticias\/index.php?rest_route=\/wp\/v2\/types\/post"}],"author":[{"embeddable":true,"href":"https:\/\/www.yungayino.cl\/noticias\/index.php?rest_route=\/wp\/v2\/users\/2"}],"replies":[{"embeddable":true,"href":"https:\/\/www.yungayino.cl\/noticias\/index.php?rest_route=%2Fwp%2Fv2%2Fcomments&post=20630"}],"version-history":[{"count":4,"href":"https:\/\/www.yungayino.cl\/noticias\/index.php?rest_route=\/wp\/v2\/posts\/20630\/revisions"}],"predecessor-version":[{"id":28340,"href":"https:\/\/www.yungayino.cl\/noticias\/index.php?rest_route=\/wp\/v2\/posts\/20630\/revisions\/28340"}],"wp:featuredmedia":[{"embeddable":true,"href":"https:\/\/www.yungayino.cl\/noticias\/index.php?rest_route=\/wp\/v2\/media\/20631"}],"wp:attachment":[{"href":"https:\/\/www.yungayino.cl\/noticias\/index.php?rest_route=%2Fwp%2Fv2%2Fmedia&parent=20630"}],"wp:term":[{"taxonomy":"category","embeddable":true,"href":"https:\/\/www.yungayino.cl\/noticias\/index.php?rest_route=%2Fwp%2Fv2%2Fcategories&post=20630"},{"taxonomy":"post_tag","embeddable":true,"href":"https:\/\/www.yungayino.cl\/noticias\/index.php?rest_route=%2Fwp%2Fv2%2Ftags&post=20630"}],"curies":[{"name":"wp","href":"https:\/\/api.w.org\/{rel}","templated":true}]}}