{"id":20671,"date":"2019-05-04T11:00:35","date_gmt":"2019-05-04T14:00:35","guid":{"rendered":"http:\/\/www.yungayino.cl\/noticias\/?p=20671"},"modified":"2019-05-06T13:04:32","modified_gmt":"2019-05-06T16:04:32","slug":"20-adultos-mayores-de-yungay-se-integran-al-programa-vinculos","status":"publish","type":"post","link":"https:\/\/www.yungayino.cl\/noticias\/?p=20671","title":{"rendered":"20 Adultos Mayores de Yungay se Integran al \u201cPrograma V\u00ednculos\u201d"},"content":{"rendered":"<p><img loading=\"lazy\" decoding=\"async\" class=\"alignnone size-full wp-image-20672\" src=\"http:\/\/www.yungayino.cl\/noticias\/wp-content\/uploads\/2019\/05\/programa_vinculos_201905.jpg\" alt=\"\" width=\"700\" height=\"350\" srcset=\"https:\/\/www.yungayino.cl\/noticias\/wp-content\/uploads\/2019\/05\/programa_vinculos_201905.jpg 700w, https:\/\/www.yungayino.cl\/noticias\/wp-content\/uploads\/2019\/05\/programa_vinculos_201905-300x150.jpg 300w\" sizes=\"auto, (max-width: 700px) 100vw, 700px\" \/><\/p>\n<p style=\"text-align: justify;\">Yungay, lunes 06 de mayo 2019: En una sencilla ceremonia, desarrollada en las dependencias del Internado Eduardo Frei Montalva se llev\u00f3 a cabo la actividad de integraci\u00f3n de veinte nuevos adultos mayores al \u201cPrograma V\u00ednculos\u201d el jueves 02 de mayo 2019.<\/p>\n<p style=\"text-align: justify;\">Se\u00f1alar que el \u201cPrograma V\u00ednculos\u201d, se instauro en la comuna de Yungay el a\u00f1o 2013, con una intervenci\u00f3n de 12 meses, y desde el a\u00f1o 2015, la intervenci\u00f3n se extendi\u00f3 por 24 meses, dando as\u00ed respuesta a las necesidades m\u00e1s sentidas de los adultos mayores de nuestra comuna, a trav\u00e9s de un convenio de transparencia entre el Ministerio de desarrollo Social y el Servicio Nacional del Adulto Mayor, SENAMA.<\/p>\n<p style=\"text-align: justify;\"><iframe loading=\"lazy\" style=\"border: none; overflow: hidden;\" src=\"https:\/\/www.facebook.com\/plugins\/post.php?href=https:\/\/www.facebook.com\/yungayino.cl\/posts\/2610390922309264?__xts__%5B0%5D=68.ARBRwQcyEuXvUlVzuUa3YS42SlJwdixQ1CzbFM1gMt3RGD2Y6Xup64R4JUccZB09Z49s1xgTdNK6tyfijLfLJe2R-Zt4yIEW8LUwnq9ouLXU6Ku6cHjHVTA7XLpwNe9ygFNPivbiVjWRkA8MAAsc44uvt4BxajL2y9tz4ukyCyx8WW26zAFm2qX4m1gdu6UG6Y2TJxeVnjtN0pFXzuhLPGnLU3yfH6pwPJjCjdIBa9I51xPCBXtNtzb1EwY0op85nFSpehydPKJe0MyiW12nS_Yd9lYK2phVffJavI8WrIGpvF_nOIpDmT8pM4hmgOZxjZut9WTlr2zmY4SqKeXiM-row0A76OPvFBaAkuJz4WE9nkE7fpU0qGGGi6q55LXBYPMV4FcNwPgPeUh7r5mxC84OUHO6K62uWl6XSabLUaPn0OEu55bQ4C2ziZdBCVdNFoe2jV8jyCABWLJE-uHE&amp;__tn__=-R&amp;l=a77e327dc6&amp;l=f5951f1994&amp;l=bfecbb8adf&amp;l=687b6bf5da&amp;width=500&amp;show_text=true&amp;height=691&amp;appId\" width=\"500\" height=\"691\" frameborder=\"0\" scrolling=\"no\"><\/iframe><\/p>\n<p style=\"text-align: justify;\">Este programa, que forma parte del subsistema de seguridad y oportunidades, fomenta la participaci\u00f3n e integraci\u00f3n social efectiva de los adultos mayores beneficiados, fortaleciendo su autonom\u00eda, promoviendo un estilo de vida activo y saludable, de manera que puedan desarrollar factores protectores que contribuyan a mejorar su calidad de vida.<\/p>\n<p style=\"text-align: justify;\">Destacar que Yungay, actualmente cuenta con dos convenios vigentes, versi\u00f3n decimosegunda y decimotercera, beneficiando de esta manera a 50 Adultos Mayores de nuestra comuna.<\/p>\n<p style=\"text-align: justify;\">La jornada estuvo liderada por el alcalde Rafael Cifuentes Rodr\u00edguez, la Seremi de Desarrollo Social de la Regi\u00f3n de \u00d1uble, Doris Osses Zapata, el Encargado del Programa V\u00ednculos, Francisco Pe\u00f1ailillo, la Gestora Territorial del Programa V\u00ednculos, Bricel Torres, la Directora de Desarrollo Comunitario, Pamela Jelves Acu\u00f1a, la Presidenta de la Uni\u00f3n Comunal de Adultos Mayores de Yungay, Gladys Ben\u00edtez, adem\u00e1s de los Concejales y Equipo T\u00e9cnico.<\/p>\n<p style=\"text-align: justify;\">Finalmente todos los presentes compartieron un momento de esparcimiento y diversi\u00f3n, con m\u00fasica de la \u00e9poca, baile, karaoke y un c\u00f3ctel.<\/p>\n<p style=\"text-align: justify;\">[su_button url=\u00bbhttps:\/\/www.facebook.com\/pg\/yungayino.cl\/photos\/?tab=album&amp;album_id=2610389395642750&#8243; target=\u00bbblank\u00bb size=\u00bb7&#8243; radius=\u00bbround\u00bb icon=\u00bbicon: facebook-square\u00bb]FOTOGRAF\u00cdAS &#8211; 20 Adultos Mayores de Yungay se Integran al \u201cPrograma V\u00ednculos\u201d[\/su_button]<\/p>\n","protected":false},"excerpt":{"rendered":"<p>Yungay, lunes 06 de mayo 2019: En una sencilla ceremonia, desarrollada en las dependencias del Internado Eduardo Frei Montalva se llev\u00f3 a cabo la actividad de integraci\u00f3n de veinte nuevos adultos mayores al \u201cPrograma&#46;&#46;&#46;<\/p>\n","protected":false},"author":2,"featured_media":20672,"comment_status":"closed","ping_status":"open","sticky":false,"template":"","format":"standard","meta":{"footnotes":""},"categories":[1],"tags":[57,1115,1792,8,6,117],"class_list":["post-20671","post","type-post","status-publish","format-standard","has-post-thumbnail","hentry","category-noticias","tag-adultos-mayores","tag-noticias","tag-programa-vinculos","tag-yungay","tag-yungayino","tag-yungayinocl"],"_links":{"self":[{"href":"https:\/\/www.yungayino.cl\/noticias\/index.php?rest_route=\/wp\/v2\/posts\/20671","targetHints":{"allow":["GET"]}}],"collection":[{"href":"https:\/\/www.yungayino.cl\/noticias\/index.php?rest_route=\/wp\/v2\/posts"}],"about":[{"href":"https:\/\/www.yungayino.cl\/noticias\/index.php?rest_route=\/wp\/v2\/types\/post"}],"author":[{"embeddable":true,"href":"https:\/\/www.yungayino.cl\/noticias\/index.php?rest_route=\/wp\/v2\/users\/2"}],"replies":[{"embeddable":true,"href":"https:\/\/www.yungayino.cl\/noticias\/index.php?rest_route=%2Fwp%2Fv2%2Fcomments&post=20671"}],"version-history":[{"count":2,"href":"https:\/\/www.yungayino.cl\/noticias\/index.php?rest_route=\/wp\/v2\/posts\/20671\/revisions"}],"predecessor-version":[{"id":20674,"href":"https:\/\/www.yungayino.cl\/noticias\/index.php?rest_route=\/wp\/v2\/posts\/20671\/revisions\/20674"}],"wp:featuredmedia":[{"embeddable":true,"href":"https:\/\/www.yungayino.cl\/noticias\/index.php?rest_route=\/wp\/v2\/media\/20672"}],"wp:attachment":[{"href":"https:\/\/www.yungayino.cl\/noticias\/index.php?rest_route=%2Fwp%2Fv2%2Fmedia&parent=20671"}],"wp:term":[{"taxonomy":"category","embeddable":true,"href":"https:\/\/www.yungayino.cl\/noticias\/index.php?rest_route=%2Fwp%2Fv2%2Fcategories&post=20671"},{"taxonomy":"post_tag","embeddable":true,"href":"https:\/\/www.yungayino.cl\/noticias\/index.php?rest_route=%2Fwp%2Fv2%2Ftags&post=20671"}],"curies":[{"name":"wp","href":"https:\/\/api.w.org\/{rel}","templated":true}]}}