{"id":20675,"date":"2019-05-06T14:00:39","date_gmt":"2019-05-06T17:00:39","guid":{"rendered":"http:\/\/www.yungayino.cl\/noticias\/?p=20675"},"modified":"2019-05-06T15:27:08","modified_gmt":"2019-05-06T18:27:08","slug":"alcalde-de-yungay-se-reune-con-ministro-de-vivienda-y-urbanismo","status":"publish","type":"post","link":"https:\/\/www.yungayino.cl\/noticias\/?p=20675","title":{"rendered":"Alcalde de Yungay se Re\u00fane con Ministro de Vivienda y Urbanismo"},"content":{"rendered":"<p><img loading=\"lazy\" decoding=\"async\" class=\"alignnone size-full wp-image-20676\" src=\"http:\/\/www.yungayino.cl\/noticias\/wp-content\/uploads\/2019\/05\/ministro_vivienda_alcalde_201905.jpg\" alt=\"\" width=\"700\" height=\"350\" srcset=\"https:\/\/www.yungayino.cl\/noticias\/wp-content\/uploads\/2019\/05\/ministro_vivienda_alcalde_201905.jpg 700w, https:\/\/www.yungayino.cl\/noticias\/wp-content\/uploads\/2019\/05\/ministro_vivienda_alcalde_201905-300x150.jpg 300w\" sizes=\"auto, (max-width: 700px) 100vw, 700px\" \/><\/p>\n<p style=\"text-align: justify;\">Yungay, lunes 06 de mayo 2019: El Alcalde de Yungay, Rafael Cifuentes Rodr\u00edguez acompa\u00f1ado por los Dirigentes de los Comit\u00e9s de Vivienda Villa Yungay y Villa Rep\u00fablica, H\u00e9ctor Salinas y Patricia Riquelme, Concejales Ang\u00e9lica Cabezas, Ricardo Ramos, Juan Quezada, Patricia Moncada y el Encargado de Vivienda Municipal, Miguel Badilla en horas de esta ma\u00f1ana sostuvieron una importante reuni\u00f3n con el Ministro de Vivienda y Urbanismo Cristian Monckeberg, tras las gestiones realizadas por el Senador Felipe Harboe Bascu\u00f1\u00e1n, para solicitar el financiamiento de los proyectos de vivienda, los que ya se encuentran calificados positivamente por el MINVU Regi\u00f3n de \u00d1uble desde el 25 de abril pasado.<\/p>\n<p style=\"text-align: justify;\"><iframe loading=\"lazy\" style=\"border: none; overflow: hidden;\" src=\"https:\/\/www.facebook.com\/plugins\/post.php?href=https:\/\/www.facebook.com\/yungayino.cl\/posts\/2610696448945378?__xts__%5B0%5D=68.ARCi2E6Z8x4ppi8abnQaPH5FbvX9rJe7thDpJkcqOgdeIBe574NEw-c-FRjDkfCLWyNtJQcToHbHWKy6WVLi-rPEJkB5hk9Ny9-9dVN-p9lvfZb1BzC1Jg_-HDIIzJTUX7W1prpQrEpTh1hQNT2xbHsxMLF6cdvCwuxdeyzwtuxIN10u4X-zZJNRaJtNpWy31O8TYX8u3ptzFob678W9LbWn3_LBXDmN5nkiSXMxhspqbjaCS2znr86B3QFA4MuPOwwtSMqvlYpAGUU9843z78Nhd7PONi0Q22RJDqvWRPHZnH813sraYVfZp9kovNqE8CUrXfX-AH99uXyg_rx-ipXCs-ieYHwk0zaoy3rWUotnZOGnA-rvqdlsXu6OTYtG9JlPdHOY9D7fhk6O9RlD1LmNqMVlBRnydq6vW3eSyCnQlNUv-0RdBd86NyGIueZ5vAQMnUx-5EkmvG9nGipa&amp;__tn__=-R&amp;l=a77e327dc6&amp;l=f5951f1994&amp;l=bfecbb8adf&amp;l=687b6bf5da&amp;width=500&amp;show_text=true&amp;height=691&amp;appId\" width=\"500\" height=\"691\" frameborder=\"0\" scrolling=\"no\"><\/iframe><\/p>\n<p style=\"text-align: justify;\">Destacar que estos dos proyectos son las primeras iniciativas en contar con calificaci\u00f3n t\u00e9cnica, social y jur\u00eddica en la Nueva Regi\u00f3n de \u00d1uble, cuyo financiamiento permitir\u00e1 cumplir el sue\u00f1o de la casa propia de 252 familias de Yungay.<\/p>\n<p style=\"text-align: justify;\">En esta oportunidad, el ministro comprometi\u00f3 su apoyo para que prontamente los Comit\u00e9s Villa Rep\u00fablica y Villa Yungay puedan obtener financiamiento y de esta forma comenzar la construcci\u00f3n de viviendas este 2019.<\/p>\n<p style=\"text-align: justify;\">Finalmente la autoridad de Gobierno felicit\u00f3 la perseverancia de las y los dirigentes de los comit\u00e9s y la gesti\u00f3n realizada por el alcalde para que hoy se est\u00e9 cada vez m\u00e1s cerca de cumplir un sue\u00f1o de la casa propia.<\/p>\n<p style=\"text-align: justify;\">[su_button url=\u00bbhttps:\/\/www.facebook.com\/pg\/yungayino.cl\/photos\/?tab=album&amp;album_id=2610696275612062&#8243; target=\u00bbblank\u00bb size=\u00bb7&#8243; radius=\u00bbround\u00bb icon=\u00bbicon: facebook-square\u00bb]FOTOGRAF\u00cdAS &#8211; Alcalde de Yungay se Re\u00fane con Ministro de Vivienda y Urbanismo[\/su_button]<\/p>\n","protected":false},"excerpt":{"rendered":"<p>Yungay, lunes 06 de mayo 2019: El Alcalde de Yungay, Rafael Cifuentes Rodr\u00edguez acompa\u00f1ado por los Dirigentes de los Comit\u00e9s de Vivienda Villa Yungay y Villa Rep\u00fablica, H\u00e9ctor Salinas y Patricia Riquelme, Concejales Ang\u00e9lica&#46;&#46;&#46;<\/p>\n","protected":false},"author":2,"featured_media":20676,"comment_status":"closed","ping_status":"open","sticky":false,"template":"","format":"standard","meta":{"footnotes":""},"categories":[1],"tags":[1982,1115,1981,8,6,117],"class_list":["post-20675","post","type-post","status-publish","format-standard","has-post-thumbnail","hentry","category-noticias","tag-ministro","tag-noticias","tag-vivienda-y-urbanismo","tag-yungay","tag-yungayino","tag-yungayinocl"],"_links":{"self":[{"href":"https:\/\/www.yungayino.cl\/noticias\/index.php?rest_route=\/wp\/v2\/posts\/20675","targetHints":{"allow":["GET"]}}],"collection":[{"href":"https:\/\/www.yungayino.cl\/noticias\/index.php?rest_route=\/wp\/v2\/posts"}],"about":[{"href":"https:\/\/www.yungayino.cl\/noticias\/index.php?rest_route=\/wp\/v2\/types\/post"}],"author":[{"embeddable":true,"href":"https:\/\/www.yungayino.cl\/noticias\/index.php?rest_route=\/wp\/v2\/users\/2"}],"replies":[{"embeddable":true,"href":"https:\/\/www.yungayino.cl\/noticias\/index.php?rest_route=%2Fwp%2Fv2%2Fcomments&post=20675"}],"version-history":[{"count":3,"href":"https:\/\/www.yungayino.cl\/noticias\/index.php?rest_route=\/wp\/v2\/posts\/20675\/revisions"}],"predecessor-version":[{"id":20679,"href":"https:\/\/www.yungayino.cl\/noticias\/index.php?rest_route=\/wp\/v2\/posts\/20675\/revisions\/20679"}],"wp:featuredmedia":[{"embeddable":true,"href":"https:\/\/www.yungayino.cl\/noticias\/index.php?rest_route=\/wp\/v2\/media\/20676"}],"wp:attachment":[{"href":"https:\/\/www.yungayino.cl\/noticias\/index.php?rest_route=%2Fwp%2Fv2%2Fmedia&parent=20675"}],"wp:term":[{"taxonomy":"category","embeddable":true,"href":"https:\/\/www.yungayino.cl\/noticias\/index.php?rest_route=%2Fwp%2Fv2%2Fcategories&post=20675"},{"taxonomy":"post_tag","embeddable":true,"href":"https:\/\/www.yungayino.cl\/noticias\/index.php?rest_route=%2Fwp%2Fv2%2Ftags&post=20675"}],"curies":[{"name":"wp","href":"https:\/\/api.w.org\/{rel}","templated":true}]}}