{"id":20686,"date":"2019-05-07T13:00:31","date_gmt":"2019-05-07T16:00:31","guid":{"rendered":"http:\/\/www.yungayino.cl\/noticias\/?p=20686"},"modified":"2019-05-07T14:16:31","modified_gmt":"2019-05-07T17:16:31","slug":"segegob-nuble-e-injuv-llaman-a-postular-al-fondo-accion-joven-participa-2019","status":"publish","type":"post","link":"https:\/\/www.yungayino.cl\/noticias\/?p=20686","title":{"rendered":"Segegob \u00d1uble e Injuv llaman a Postular al Fondo Acci\u00f3n Joven Participa 2019"},"content":{"rendered":"<p><img loading=\"lazy\" decoding=\"async\" class=\"alignnone size-full wp-image-20687\" src=\"http:\/\/www.yungayino.cl\/noticias\/wp-content\/uploads\/2019\/05\/seremi_postulacion.jpg\" alt=\"\" width=\"700\" height=\"349\" srcset=\"https:\/\/www.yungayino.cl\/noticias\/wp-content\/uploads\/2019\/05\/seremi_postulacion.jpg 700w, https:\/\/www.yungayino.cl\/noticias\/wp-content\/uploads\/2019\/05\/seremi_postulacion-300x150.jpg 300w, https:\/\/www.yungayino.cl\/noticias\/wp-content\/uploads\/2019\/05\/seremi_postulacion-301x150.jpg 301w\" sizes=\"auto, (max-width: 700px) 100vw, 700px\" \/><\/p>\n<p style=\"text-align: justify;\">Regional, mayo 2019: El Seremi de Gobierno Ren\u00e1n Cabezas y el Director de Injuv \u00d1uble, Fahd Hidd entregaron detalles y montos del <strong>\u201cFondo Acci\u00f3n Joven Participa 2019\u201d<\/strong>.<\/p>\n<p style=\"text-align: justify;\">Se trata de recursos dispuestos para organizaciones comunitarias, ind\u00edgenas o centros de estudiantes, con personalidad jur\u00eddica y con, a lo menos, un integrante joven de entre 18 a 24 a\u00f1os en su directiva. A nivel nacional son 300 millones de pesos disponibles, para proyectos de $1.500.000.<\/p>\n<p style=\"text-align: justify;\">Fahd Hidd se\u00f1al\u00f3 que este fondo est\u00e1 abierto hasta el 17 de mayo y son iniciativas dirigidas a j\u00f3venes \u201cbajo tres lineamientos: vocacional-laboral, c\u00edvico-social (voluntariado, participaci\u00f3n en organizaciones sociales), f\u00edsico-mental (actividad f\u00edsica, prevenci\u00f3n VIH, embarazo adolescente, consumo de drogas, salud mental), para cuyos efectos resulta trascendente la labor de Segegob, dado que su postulaci\u00f3n es mediante la p\u00e1gina www.fondos.gob.cl, siendo uno de sus pilotos\u201d.<\/p>\n<p style=\"text-align: justify;\">En esa l\u00ednea el Seremi de Gobierno, Ren\u00e1n Cabezas, explic\u00f3 que este fondo es parte de las muchas alternativas que las organizaciones sociales pueden encontrar en la gu\u00eda de fondos concursables que se est\u00e1n entregando a los presidentes de juntas de vecinos de las 21 comunas de \u00d1uble para que informen a sus bases de estos instrumentos que pone el Estado a disposici\u00f3n de los vecinos y vecinas de \u00d1uble\u00bb.<\/p>\n<p style=\"text-align: justify;\">\u201cDe aqu\u00ed al pr\u00f3ximo a\u00f1o todos los fondos concursables deber\u00e1n ser postulados a trav\u00e9s de la plataforma www.fondos.gob.cl, estamos en proceso de transici\u00f3n y el objetivo es simplificar los procesos de postulaci\u00f3n en una sola plataforma. Hacemos el llamado a que las organizaciones postulen\u201d, dijo Cabezas.<\/p>\n","protected":false},"excerpt":{"rendered":"<p>Regional, mayo 2019: El Seremi de Gobierno Ren\u00e1n Cabezas y el Director de Injuv \u00d1uble, Fahd Hidd entregaron detalles y montos del \u201cFondo Acci\u00f3n Joven Participa 2019\u201d. Se trata de recursos dispuestos para organizaciones&#46;&#46;&#46;<\/p>\n","protected":false},"author":2,"featured_media":20687,"comment_status":"closed","ping_status":"open","sticky":false,"template":"","format":"standard","meta":{"footnotes":""},"categories":[1],"tags":[1984,1115,1983,1528,8,6,117],"class_list":["post-20686","post","type-post","status-publish","format-standard","has-post-thumbnail","hentry","category-noticias","tag-fondo-accion-joven-participa","tag-noticias","tag-segegob-nuble","tag-seremi","tag-yungay","tag-yungayino","tag-yungayinocl"],"_links":{"self":[{"href":"https:\/\/www.yungayino.cl\/noticias\/index.php?rest_route=\/wp\/v2\/posts\/20686","targetHints":{"allow":["GET"]}}],"collection":[{"href":"https:\/\/www.yungayino.cl\/noticias\/index.php?rest_route=\/wp\/v2\/posts"}],"about":[{"href":"https:\/\/www.yungayino.cl\/noticias\/index.php?rest_route=\/wp\/v2\/types\/post"}],"author":[{"embeddable":true,"href":"https:\/\/www.yungayino.cl\/noticias\/index.php?rest_route=\/wp\/v2\/users\/2"}],"replies":[{"embeddable":true,"href":"https:\/\/www.yungayino.cl\/noticias\/index.php?rest_route=%2Fwp%2Fv2%2Fcomments&post=20686"}],"version-history":[{"count":1,"href":"https:\/\/www.yungayino.cl\/noticias\/index.php?rest_route=\/wp\/v2\/posts\/20686\/revisions"}],"predecessor-version":[{"id":20688,"href":"https:\/\/www.yungayino.cl\/noticias\/index.php?rest_route=\/wp\/v2\/posts\/20686\/revisions\/20688"}],"wp:featuredmedia":[{"embeddable":true,"href":"https:\/\/www.yungayino.cl\/noticias\/index.php?rest_route=\/wp\/v2\/media\/20687"}],"wp:attachment":[{"href":"https:\/\/www.yungayino.cl\/noticias\/index.php?rest_route=%2Fwp%2Fv2%2Fmedia&parent=20686"}],"wp:term":[{"taxonomy":"category","embeddable":true,"href":"https:\/\/www.yungayino.cl\/noticias\/index.php?rest_route=%2Fwp%2Fv2%2Fcategories&post=20686"},{"taxonomy":"post_tag","embeddable":true,"href":"https:\/\/www.yungayino.cl\/noticias\/index.php?rest_route=%2Fwp%2Fv2%2Ftags&post=20686"}],"curies":[{"name":"wp","href":"https:\/\/api.w.org\/{rel}","templated":true}]}}