{"id":20700,"date":"2019-05-09T15:00:08","date_gmt":"2019-05-09T18:00:08","guid":{"rendered":"http:\/\/www.yungayino.cl\/noticias\/?p=20700"},"modified":"2019-05-09T15:28:39","modified_gmt":"2019-05-09T18:28:39","slug":"empresas-de-nuble-pueden-optar-al-premio-de-inclusion-laboral-2019","status":"publish","type":"post","link":"https:\/\/www.yungayino.cl\/noticias\/?p=20700","title":{"rendered":"Empresas de \u00d1uble Pueden Optar al Premio de Inclusi\u00f3n Laboral 2019"},"content":{"rendered":"<p><img loading=\"lazy\" decoding=\"async\" class=\"alignnone size-full wp-image-20701\" src=\"http:\/\/www.yungayino.cl\/noticias\/wp-content\/uploads\/2019\/05\/inclusi\u00f3n_laboral.jpg\" alt=\"\" width=\"700\" height=\"350\" srcset=\"https:\/\/www.yungayino.cl\/noticias\/wp-content\/uploads\/2019\/05\/inclusi\u00f3n_laboral.jpg 700w, https:\/\/www.yungayino.cl\/noticias\/wp-content\/uploads\/2019\/05\/inclusi\u00f3n_laboral-300x150.jpg 300w\" sizes=\"auto, (max-width: 700px) 100vw, 700px\" \/><\/p>\n<p style=\"text-align: justify;\">Regional, mayo 2019: Iniciativa convocada por el Mintrab busca reconocer a las compa\u00f1\u00edas y emprendimientos que se han plegado con decisi\u00f3n a la normativa.<\/p>\n<p style=\"text-align: justify;\">Hasta el pr\u00f3ximo 20 de mayo las empresas locales que quieran postular al Premio de Inclusi\u00f3n Laboral 2019, impulsado por el Ministerio del Trabajo (Mintrab) lo pueden hacer en la p\u00e1gina web de la subsecretar\u00eda del organismo, seg\u00fan inform\u00f3 la seremi del ramo en \u00d1uble, Yeniffer Ferrada.<\/p>\n<p style=\"text-align: justify;\">La iniciativa, que se estrena este a\u00f1o, busca reconocer a aquellas compa\u00f1\u00edas y emprendimientos que se han plegado con decisi\u00f3n a la Ley 21.015, en vigencia desde abril de 2018 y que establece mecanismos de incorporaci\u00f3n para personas con discapacidad al mundo del empleo. Cada regi\u00f3n tendr\u00e1 una representante ganadora, cuya elecci\u00f3n estar\u00e1 a cargo de un jurado compuestos por diversas instituciones y autoridades.<\/p>\n<p style=\"text-align: justify;\">\u201cNuestro ministerio ha querido reconocer el empe\u00f1o, sobre todo, que hacen las peque\u00f1as y medianas empresas por abrir sus puertas y abrazar la inclusi\u00f3n no como una obligaci\u00f3n estipulada por ley, sino que por un convencimiento genuino y por la confianza en los m\u00e9ritos de personas con discapacidad. Estamos convencidos de que debemos ir mucho m\u00e1s all\u00e1 que fijar cuotas y sancionar, y ese es el sentido que hemos querido darle a este reconocimiento\u201d, se\u00f1al\u00f3 la seremi Ferrada.<\/p>\n<p style=\"text-align: justify;\">Quienes est\u00e9n interesados en postular, pueden hacerlo en el sitio web <a href=\"http:\/\/www.subtrab.trabajo.gob.cl\">www.subtrab.trabajo.gob.cl<\/a>, con <strong>plazo m\u00e1ximo hasta el lunes 20 de mayo<\/strong>. La premiaci\u00f3n, en tanto, se realizar\u00e1 durante la primera semana de junio, en fecha y lugar a\u00fan por definir.<\/p>\n<p style=\"text-align: justify;\">Seg\u00fan datos proporcionados por el Departamento de Estudios de la Direcci\u00f3n del Trabajo (DT) a abril se registraban cerca de 250 contrataciones por Ley de Inclusi\u00f3n Laboral en la Regi\u00f3n de \u00d1uble. En el segundo a\u00f1o de vigencia, la normativa establece un cumplimiento bastante m\u00e1s riguroso de las firmas afectas, as\u00ed como mayor cobertura y periodicidad en la fiscalizaci\u00f3n del cumplimiento de la misma.<\/p>\n<p style=\"text-align: justify;\">\u201cInvitamos a todas las empresas que est\u00e1n haciendo un aporte en este cambio cultural, a participar de esta instancia y a seguir con las mismas ganas que hasta ahora en el camino de la inclusi\u00f3n. M\u00e1s all\u00e1 del reconocimiento institucional, estamos seguros que nuestra regi\u00f3n ser\u00e1 un ejemplo a la hora de abrir espacios en el mundo laboral\u201d, indic\u00f3 la seremi Yeniffer Ferrada.<\/p>\n","protected":false},"excerpt":{"rendered":"<p>Regional, mayo 2019: Iniciativa convocada por el Mintrab busca reconocer a las compa\u00f1\u00edas y emprendimientos que se han plegado con decisi\u00f3n a la normativa. Hasta el pr\u00f3ximo 20 de mayo las empresas locales que&#46;&#46;&#46;<\/p>\n","protected":false},"author":2,"featured_media":20701,"comment_status":"closed","ping_status":"open","sticky":false,"template":"","format":"standard","meta":{"footnotes":""},"categories":[3,1],"tags":[1987,1115,1678,8,6,117],"class_list":["post-20700","post","type-post","status-publish","format-standard","has-post-thumbnail","hentry","category-actualidad","category-noticias","tag-inclusion-laboral","tag-noticias","tag-nuble","tag-yungay","tag-yungayino","tag-yungayinocl"],"_links":{"self":[{"href":"https:\/\/www.yungayino.cl\/noticias\/index.php?rest_route=\/wp\/v2\/posts\/20700","targetHints":{"allow":["GET"]}}],"collection":[{"href":"https:\/\/www.yungayino.cl\/noticias\/index.php?rest_route=\/wp\/v2\/posts"}],"about":[{"href":"https:\/\/www.yungayino.cl\/noticias\/index.php?rest_route=\/wp\/v2\/types\/post"}],"author":[{"embeddable":true,"href":"https:\/\/www.yungayino.cl\/noticias\/index.php?rest_route=\/wp\/v2\/users\/2"}],"replies":[{"embeddable":true,"href":"https:\/\/www.yungayino.cl\/noticias\/index.php?rest_route=%2Fwp%2Fv2%2Fcomments&post=20700"}],"version-history":[{"count":1,"href":"https:\/\/www.yungayino.cl\/noticias\/index.php?rest_route=\/wp\/v2\/posts\/20700\/revisions"}],"predecessor-version":[{"id":20702,"href":"https:\/\/www.yungayino.cl\/noticias\/index.php?rest_route=\/wp\/v2\/posts\/20700\/revisions\/20702"}],"wp:featuredmedia":[{"embeddable":true,"href":"https:\/\/www.yungayino.cl\/noticias\/index.php?rest_route=\/wp\/v2\/media\/20701"}],"wp:attachment":[{"href":"https:\/\/www.yungayino.cl\/noticias\/index.php?rest_route=%2Fwp%2Fv2%2Fmedia&parent=20700"}],"wp:term":[{"taxonomy":"category","embeddable":true,"href":"https:\/\/www.yungayino.cl\/noticias\/index.php?rest_route=%2Fwp%2Fv2%2Fcategories&post=20700"},{"taxonomy":"post_tag","embeddable":true,"href":"https:\/\/www.yungayino.cl\/noticias\/index.php?rest_route=%2Fwp%2Fv2%2Ftags&post=20700"}],"curies":[{"name":"wp","href":"https:\/\/api.w.org\/{rel}","templated":true}]}}