{"id":20703,"date":"2019-05-12T20:00:30","date_gmt":"2019-05-12T23:00:30","guid":{"rendered":"http:\/\/www.yungayino.cl\/noticias\/?p=20703"},"modified":"2019-05-12T23:01:49","modified_gmt":"2019-05-13T02:01:49","slug":"celebracion-dia-de-la-madre-en-campanario-y-yungay-2","status":"publish","type":"post","link":"https:\/\/www.yungayino.cl\/noticias\/?p=20703","title":{"rendered":"Celebraci\u00f3n D\u00eda de la Madre en Campanario y Yungay"},"content":{"rendered":"<p><img loading=\"lazy\" decoding=\"async\" class=\"alignnone size-full wp-image-20704\" src=\"http:\/\/www.yungayino.cl\/noticias\/wp-content\/uploads\/2019\/05\/dia_madre_2019.jpg\" alt=\"\" width=\"700\" height=\"348\" srcset=\"https:\/\/www.yungayino.cl\/noticias\/wp-content\/uploads\/2019\/05\/dia_madre_2019.jpg 700w, https:\/\/www.yungayino.cl\/noticias\/wp-content\/uploads\/2019\/05\/dia_madre_2019-300x149.jpg 300w, https:\/\/www.yungayino.cl\/noticias\/wp-content\/uploads\/2019\/05\/dia_madre_2019-302x150.jpg 302w\" sizes=\"auto, (max-width: 700px) 100vw, 700px\" \/><\/p>\n<p style=\"text-align: justify;\">Yungay, domingo 12 de Mayo de 2019: En las instalaciones de los gimnasios de Campanario y Yungay fueron el punto de encuentro, donde las mamitas de la comuna se reunieron el viernes 10 y s\u00e1bado 11 de mayo para celebrar en el marco del D\u00eda de la Madre, con un gran show organizado por el Municipio de Yungay para reconocer la importancia que representan en cada una de sus familias y la comunidad.<\/p>\n<p style=\"text-align: justify;\"><iframe loading=\"lazy\" style=\"border: none; overflow: hidden;\" src=\"https:\/\/www.facebook.com\/plugins\/post.php?href=https:\/\/www.facebook.com\/yungayino.cl\/posts\/2621331454548544?__xts__%5B0%5D=68.ARB9lFewq-g4pKpwY9Vy-IvA8yAEHVC7UmS-_-J7CusWTMKBT3lZxMCm02sBr82qEOueVL_TqVVtmaJHNezRrqCkYRFyITa7A1lPCrJWWNKYLOMkc9FinC4-ZRJ0T8pYh_QYXO5fLYYOQUy6J3q-cQbGzSaWzVa_fxxcs3YjlTROnije6hWd7SGiElJBs89v48Vhbqpiri36G9tJd0rEbdX14a-g8w8EnD6V-PPsvjbWQjHZHQchPnYEhcv6pd1nIVwB8v3QEQ9Yj3HGKimQNc3I-vMpd4WB2BpVS2Nh69P9Ti_4Yyi_Y2-Yew6De23pndUOzRBVR1qpup2dj61__vhcqx1ebhINeyE0kXRgdmgvFt1e-CGHzMEs8xlzuVbEw-Lql9e2HxOnf48sas_-TxZPM3VjukrCWcdQT_RRIl3FEdqJ6yESBqbSd6bW1j7NTedbPwBgG-g0-EXqwIK_&amp;__tn__=-R&amp;l=a77e327dc6&amp;l=f5951f1994&amp;l=bfecbb8adf&amp;l=687b6bf5da&amp;width=500&amp;show_text=true&amp;height=691&amp;appId\" width=\"500\" height=\"691\" frameborder=\"0\" scrolling=\"no\"><\/iframe><\/p>\n<p style=\"text-align: justify;\">Las mam\u00e1s que asistieron de diversos sectores rurales y urbanos de la comuna, tuvieron la oportunidad de disfrutar de un show de primer nivel, donde participaron el \u201cDoble de Chayanne\u201d, el \u201cDoble de Romeo Santos\u201d y todo el Ritmo de la \u201cSonora del Compadre Moncho\u201d, quienes con sus canciones hicieron cantar y bailar a las mam\u00e1s que se encontraban presentes, adem\u00e1s destacar el buen sonido e iluminaci\u00f3n de la Productora \u201cMathieu\u201d.<\/p>\n<p style=\"text-align: justify;\">Las actividades, contaron con la presencia del alcalde Rafael Cifuentes Rodr\u00edguez, Concejales y el parlamentario Jorge Sabag.<\/p>\n<p style=\"text-align: justify;\">Finalmente destacar que todas las madres fueron recibidas por los funcionarios municipales del Departamento de Dideco liderada por su Directora, Pamela Jelves Acu\u00f1a.<\/p>\n<p>&nbsp;<\/p>\n<p>[su_button url=\u00bbhttps:\/\/www.facebook.com\/pg\/yungayino.cl\/photos\/?tab=album&amp;album_id=2621326151215741&#8243; target=\u00bbblank\u00bb size=\u00bb7&#8243; radius=\u00bbround\u00bb icon=\u00bbicon: facebook-square\u00bb]FOTOGRAF\u00cdAS &#8211; Celebraci\u00f3n D\u00eda de la Madre en Campanario y Yungay[\/su_button]<\/p>\n","protected":false},"excerpt":{"rendered":"<p>Yungay, domingo 12 de Mayo de 2019: En las instalaciones de los gimnasios de Campanario y Yungay fueron el punto de encuentro, donde las mamitas de la comuna se reunieron el viernes 10 y&#46;&#46;&#46;<\/p>\n","protected":false},"author":2,"featured_media":20704,"comment_status":"closed","ping_status":"open","sticky":false,"template":"","format":"standard","meta":{"footnotes":""},"categories":[5,1],"tags":[31,671,1115,8,6,117],"class_list":["post-20703","post","type-post","status-publish","format-standard","has-post-thumbnail","hentry","category-eventos","category-noticias","tag-campanario","tag-dia-de-la-madre","tag-noticias","tag-yungay","tag-yungayino","tag-yungayinocl"],"_links":{"self":[{"href":"https:\/\/www.yungayino.cl\/noticias\/index.php?rest_route=\/wp\/v2\/posts\/20703","targetHints":{"allow":["GET"]}}],"collection":[{"href":"https:\/\/www.yungayino.cl\/noticias\/index.php?rest_route=\/wp\/v2\/posts"}],"about":[{"href":"https:\/\/www.yungayino.cl\/noticias\/index.php?rest_route=\/wp\/v2\/types\/post"}],"author":[{"embeddable":true,"href":"https:\/\/www.yungayino.cl\/noticias\/index.php?rest_route=\/wp\/v2\/users\/2"}],"replies":[{"embeddable":true,"href":"https:\/\/www.yungayino.cl\/noticias\/index.php?rest_route=%2Fwp%2Fv2%2Fcomments&post=20703"}],"version-history":[{"count":2,"href":"https:\/\/www.yungayino.cl\/noticias\/index.php?rest_route=\/wp\/v2\/posts\/20703\/revisions"}],"predecessor-version":[{"id":20709,"href":"https:\/\/www.yungayino.cl\/noticias\/index.php?rest_route=\/wp\/v2\/posts\/20703\/revisions\/20709"}],"wp:featuredmedia":[{"embeddable":true,"href":"https:\/\/www.yungayino.cl\/noticias\/index.php?rest_route=\/wp\/v2\/media\/20704"}],"wp:attachment":[{"href":"https:\/\/www.yungayino.cl\/noticias\/index.php?rest_route=%2Fwp%2Fv2%2Fmedia&parent=20703"}],"wp:term":[{"taxonomy":"category","embeddable":true,"href":"https:\/\/www.yungayino.cl\/noticias\/index.php?rest_route=%2Fwp%2Fv2%2Fcategories&post=20703"},{"taxonomy":"post_tag","embeddable":true,"href":"https:\/\/www.yungayino.cl\/noticias\/index.php?rest_route=%2Fwp%2Fv2%2Ftags&post=20703"}],"curies":[{"name":"wp","href":"https:\/\/api.w.org\/{rel}","templated":true}]}}