{"id":20733,"date":"2019-05-16T23:00:12","date_gmt":"2019-05-17T02:00:12","guid":{"rendered":"http:\/\/www.yungayino.cl\/noticias\/?p=20733"},"modified":"2019-05-17T18:25:23","modified_gmt":"2019-05-17T21:25:23","slug":"carabineros-de-yungay-realizo-talleres-sobre-derechos-y-deberes-de-los-ninos-en-escuela-de-pallahuala","status":"publish","type":"post","link":"https:\/\/www.yungayino.cl\/noticias\/?p=20733","title":{"rendered":"Carabineros de Yungay Realiz\u00f3 Talleres Sobre Derechos y Deberes de los Ni\u00f1os en Escuela de Pallahuala"},"content":{"rendered":"<p><img loading=\"lazy\" decoding=\"async\" class=\"alignnone size-full wp-image-20734\" src=\"http:\/\/www.yungayino.cl\/noticias\/wp-content\/uploads\/2019\/05\/carabineros_charla_pallahuala_201905.jpg\" alt=\"\" width=\"700\" height=\"414\" srcset=\"https:\/\/www.yungayino.cl\/noticias\/wp-content\/uploads\/2019\/05\/carabineros_charla_pallahuala_201905.jpg 700w, https:\/\/www.yungayino.cl\/noticias\/wp-content\/uploads\/2019\/05\/carabineros_charla_pallahuala_201905-300x177.jpg 300w, https:\/\/www.yungayino.cl\/noticias\/wp-content\/uploads\/2019\/05\/carabineros_charla_pallahuala_201905-254x150.jpg 254w\" sizes=\"auto, (max-width: 700px) 100vw, 700px\" \/><\/p>\n<p style=\"text-align: justify;\">Yungay, viernes 17 de mayo 2019: En dependencias de la escuela rural \u00abPallahuala\u00bb, Carabineros de la Oficina Comunitaria de la Cuarta Comisar\u00eda de Yungay realizaron varios talleres para padres y alumnos, sobre los derechos y deberes de los ni\u00f1os. Actividad coordinada con la Directora de la Escuela de Pallahuala Sra. Helia Rubilar San Mart\u00edn.<\/p>\n<p style=\"text-align: justify;\"><iframe loading=\"lazy\" style=\"border: none; overflow: hidden;\" src=\"https:\/\/www.facebook.com\/plugins\/post.php?href=https:\/\/www.facebook.com\/yungayino.cl\/posts\/2629708980377458?__xts__%5B0%5D=68.ARCZs36cT2KsKX7X7xwRAk0V1Wb3babwFKJNb7-sLg9hGvRfsugRKoJyeo5TrIYe5wL7hqZGQei1fInw0i7Ai9FYoxxZ60eOJOsVeVAeiyTF0LJ4KBaHvTcY7nveWC451Lbu6g-2wOcBwhHC40yvWO-DzectI1iJ_W-igEzbUhfG2uHAF7mO66oE8gYfaoH9pf31Bkow2V_ow9Pudjvq3ndEPjiVQPi3W9xQotfrWXXkb-lEg4qdFe6rp3l0lh5wGWnItZNbS3JvQ7gMIDM4Kc1IdG6jG8fwOUcfon5bwUuUWC9cJhPLAxYIlhdWzH7vf6y7VceXL8cNYEjKAl4VWNvByP5Ey9KHDwFPgzX9_ZPQGQ-iz_WTju9UD-TSxH3kWZ3iP2Kzwebeup7zHRP9yNFC1GRI62tKGXZignZgupBfKpQmltkmcKdtPJSg7tlz_k5k1sKqxcw0MvuNdtIq&amp;__tn__=-R&amp;l=a77e327dc6&amp;l=f5951f1994&amp;l=bfecbb8adf&amp;l=687b6bf5da&amp;width=500&amp;show_text=true&amp;height=691&amp;appId\" width=\"500\" height=\"691\" frameborder=\"0\" scrolling=\"no\"><\/iframe><\/p>\n<p style=\"text-align: justify;\">En las jornadas informativas se destacaron los aspectos relevantes de la Convenci\u00f3n sobre los derechos del ni\u00f1o, sobre todo aquellos que se relacionan con la no discriminaci\u00f3n, el inter\u00e9s superior del menor, su supervivencia, desarrollo y protecci\u00f3n, as\u00ed como su participaci\u00f3n en decisiones que les afecten.<\/p>\n<p style=\"text-align: justify;\">El suboficial mayor Juan Carlos Espinoza, quien estuvo a cargo de la actividad, tambi\u00e9n comparti\u00f3 con las familias presentes los detalles alrededor de problem\u00e1ticas como el ciberacoso, haciendo hincapi\u00e9 en que la prevenci\u00f3n es tarea tanto de los padres como de la comunidad educativa, la cual puede detectar esta situaci\u00f3n de forma temprana.<\/p>\n<p style=\"text-align: justify;\">Tras las charlas, los padres y apoderados manifestaron sus inquietudes respecto a la seguridad de los ni\u00f1os en las relaciones familiares, educativas y sociales, a fin de orientar sus acciones y otorgar soluciones adecuadas.<\/p>\n<p style=\"text-align: justify;\">[su_button url=\u00bbhttps:\/\/www.facebook.com\/pg\/yungayino.cl\/photos\/?tab=album&amp;album_id=2629708517044171&#8243; target=\u00bbblank\u00bb size=\u00bb7&#8243; radius=\u00bbround\u00bb icon=\u00bbicon: facebook-square\u00bb]FOTOGRAF\u00cdAS &#8211; Carabineros de Yungay Realiz\u00f3 Talleres Sobre Derechos y Deberes de los Ni\u00f1os en Escuela de Pallahuala[\/su_button]<\/p>\n","protected":false},"excerpt":{"rendered":"<p>Yungay, viernes 17 de mayo 2019: En dependencias de la escuela rural \u00abPallahuala\u00bb, Carabineros de la Oficina Comunitaria de la Cuarta Comisar\u00eda de Yungay realizaron varios talleres para padres y alumnos, sobre los derechos&#46;&#46;&#46;<\/p>\n","protected":false},"author":2,"featured_media":20734,"comment_status":"closed","ping_status":"open","sticky":false,"template":"","format":"standard","meta":{"footnotes":""},"categories":[1],"tags":[25,912,1115,8,6,117],"class_list":["post-20733","post","type-post","status-publish","format-standard","has-post-thumbnail","hentry","category-noticias","tag-carabineros","tag-escuela-pallahuala","tag-noticias","tag-yungay","tag-yungayino","tag-yungayinocl"],"_links":{"self":[{"href":"https:\/\/www.yungayino.cl\/noticias\/index.php?rest_route=\/wp\/v2\/posts\/20733","targetHints":{"allow":["GET"]}}],"collection":[{"href":"https:\/\/www.yungayino.cl\/noticias\/index.php?rest_route=\/wp\/v2\/posts"}],"about":[{"href":"https:\/\/www.yungayino.cl\/noticias\/index.php?rest_route=\/wp\/v2\/types\/post"}],"author":[{"embeddable":true,"href":"https:\/\/www.yungayino.cl\/noticias\/index.php?rest_route=\/wp\/v2\/users\/2"}],"replies":[{"embeddable":true,"href":"https:\/\/www.yungayino.cl\/noticias\/index.php?rest_route=%2Fwp%2Fv2%2Fcomments&post=20733"}],"version-history":[{"count":5,"href":"https:\/\/www.yungayino.cl\/noticias\/index.php?rest_route=\/wp\/v2\/posts\/20733\/revisions"}],"predecessor-version":[{"id":20739,"href":"https:\/\/www.yungayino.cl\/noticias\/index.php?rest_route=\/wp\/v2\/posts\/20733\/revisions\/20739"}],"wp:featuredmedia":[{"embeddable":true,"href":"https:\/\/www.yungayino.cl\/noticias\/index.php?rest_route=\/wp\/v2\/media\/20734"}],"wp:attachment":[{"href":"https:\/\/www.yungayino.cl\/noticias\/index.php?rest_route=%2Fwp%2Fv2%2Fmedia&parent=20733"}],"wp:term":[{"taxonomy":"category","embeddable":true,"href":"https:\/\/www.yungayino.cl\/noticias\/index.php?rest_route=%2Fwp%2Fv2%2Fcategories&post=20733"},{"taxonomy":"post_tag","embeddable":true,"href":"https:\/\/www.yungayino.cl\/noticias\/index.php?rest_route=%2Fwp%2Fv2%2Ftags&post=20733"}],"curies":[{"name":"wp","href":"https:\/\/api.w.org\/{rel}","templated":true}]}}