{"id":20756,"date":"2019-05-22T09:00:50","date_gmt":"2019-05-22T12:00:50","guid":{"rendered":"http:\/\/www.yungayino.cl\/noticias\/?p=20756"},"modified":"2019-05-20T21:25:07","modified_gmt":"2019-05-21T00:25:07","slug":"biblioteca-de-yungay-celebrara-dia-del-patrimonio-cultural","status":"publish","type":"post","link":"https:\/\/www.yungayino.cl\/noticias\/?p=20756","title":{"rendered":"Biblioteca de Yungay Celebrar\u00e1 D\u00eda del Patrimonio Cultural"},"content":{"rendered":"<p><img loading=\"lazy\" decoding=\"async\" class=\"alignnone size-full wp-image-20757\" src=\"http:\/\/www.yungayino.cl\/noticias\/wp-content\/uploads\/2019\/05\/dia_patrimonio_2019.jpg\" alt=\"\" width=\"700\" height=\"301\" srcset=\"https:\/\/www.yungayino.cl\/noticias\/wp-content\/uploads\/2019\/05\/dia_patrimonio_2019.jpg 700w, https:\/\/www.yungayino.cl\/noticias\/wp-content\/uploads\/2019\/05\/dia_patrimonio_2019-300x129.jpg 300w, https:\/\/www.yungayino.cl\/noticias\/wp-content\/uploads\/2019\/05\/dia_patrimonio_2019-349x150.jpg 349w\" sizes=\"auto, (max-width: 700px) 100vw, 700px\" \/><\/p>\n<p style=\"background: white; margin: 0cm 0cm 4.5pt; text-align: justify;\"><span style=\"font-size: 13.0pt; font-family: 'Arial','sans-serif'; color: #1c1e21;\">Yungay, mi\u00e9rcoles 22 mayo 2019: El D\u00eda del Patrimonio Cultural de Chile es la fiesta cultural m\u00e1s importante del pa\u00eds. Cada a\u00f1o convoca a miles de personas a participar de forma gratuita con una amplia oferta de actividades patrimoniales orientadas a conmemorar nuestra herencia cultural.<\/span><\/p>\n<p style=\"background: white; font-variant-ligatures: normal; font-variant-caps: normal; orphans: 2; text-align: justify; widows: 2; -webkit-text-stroke-width: 0px; text-decoration-style: initial; text-decoration-color: initial; word-spacing: 0px; margin: 4.5pt 0cm;\"><span style=\"font-size: 13.0pt; font-family: 'Arial','sans-serif'; color: #1c1e21;\">Todos invitados el d\u00eda domingo 26 de mayo a partir de las 14:00 horas, en la biblioteca p\u00fablica de nuestra comuna. Habr\u00e1 exposiciones de fotos y paisajes de Yungay, exhibici\u00f3n de Actas Municipales antiguas, Obra de teatro y un Show circense, la entrada es liberada.<\/span><\/p>\n<p>&nbsp;<\/p>\n<p><img loading=\"lazy\" decoding=\"async\" class=\"alignnone size-full wp-image-20758\" src=\"http:\/\/www.yungayino.cl\/noticias\/wp-content\/uploads\/2019\/05\/dia-patrimonio-2019.jpg\" alt=\"\" width=\"700\" height=\"933\" srcset=\"https:\/\/www.yungayino.cl\/noticias\/wp-content\/uploads\/2019\/05\/dia-patrimonio-2019.jpg 700w, https:\/\/www.yungayino.cl\/noticias\/wp-content\/uploads\/2019\/05\/dia-patrimonio-2019-225x300.jpg 225w, https:\/\/www.yungayino.cl\/noticias\/wp-content\/uploads\/2019\/05\/dia-patrimonio-2019-113x150.jpg 113w\" sizes=\"auto, (max-width: 700px) 100vw, 700px\" \/><\/p>\n","protected":false},"excerpt":{"rendered":"<p>Yungay, mi\u00e9rcoles 22 mayo 2019: El D\u00eda del Patrimonio Cultural de Chile es la fiesta cultural m\u00e1s importante del pa\u00eds. Cada a\u00f1o convoca a miles de personas a participar de forma gratuita con una&#46;&#46;&#46;<\/p>\n","protected":false},"author":2,"featured_media":20757,"comment_status":"closed","ping_status":"open","sticky":false,"template":"","format":"standard","meta":{"footnotes":""},"categories":[1],"tags":[453,680,1115,8,6,117],"class_list":["post-20756","post","type-post","status-publish","format-standard","has-post-thumbnail","hentry","category-noticias","tag-biblioteca-yungay","tag-dia-patrimonio-cultural","tag-noticias","tag-yungay","tag-yungayino","tag-yungayinocl"],"_links":{"self":[{"href":"https:\/\/www.yungayino.cl\/noticias\/index.php?rest_route=\/wp\/v2\/posts\/20756","targetHints":{"allow":["GET"]}}],"collection":[{"href":"https:\/\/www.yungayino.cl\/noticias\/index.php?rest_route=\/wp\/v2\/posts"}],"about":[{"href":"https:\/\/www.yungayino.cl\/noticias\/index.php?rest_route=\/wp\/v2\/types\/post"}],"author":[{"embeddable":true,"href":"https:\/\/www.yungayino.cl\/noticias\/index.php?rest_route=\/wp\/v2\/users\/2"}],"replies":[{"embeddable":true,"href":"https:\/\/www.yungayino.cl\/noticias\/index.php?rest_route=%2Fwp%2Fv2%2Fcomments&post=20756"}],"version-history":[{"count":1,"href":"https:\/\/www.yungayino.cl\/noticias\/index.php?rest_route=\/wp\/v2\/posts\/20756\/revisions"}],"predecessor-version":[{"id":20759,"href":"https:\/\/www.yungayino.cl\/noticias\/index.php?rest_route=\/wp\/v2\/posts\/20756\/revisions\/20759"}],"wp:featuredmedia":[{"embeddable":true,"href":"https:\/\/www.yungayino.cl\/noticias\/index.php?rest_route=\/wp\/v2\/media\/20757"}],"wp:attachment":[{"href":"https:\/\/www.yungayino.cl\/noticias\/index.php?rest_route=%2Fwp%2Fv2%2Fmedia&parent=20756"}],"wp:term":[{"taxonomy":"category","embeddable":true,"href":"https:\/\/www.yungayino.cl\/noticias\/index.php?rest_route=%2Fwp%2Fv2%2Fcategories&post=20756"},{"taxonomy":"post_tag","embeddable":true,"href":"https:\/\/www.yungayino.cl\/noticias\/index.php?rest_route=%2Fwp%2Fv2%2Ftags&post=20756"}],"curies":[{"name":"wp","href":"https:\/\/api.w.org\/{rel}","templated":true}]}}