{"id":20782,"date":"2019-05-28T20:00:12","date_gmt":"2019-05-28T23:00:12","guid":{"rendered":"http:\/\/www.yungayino.cl\/noticias\/?p=20782"},"modified":"2019-05-29T01:02:06","modified_gmt":"2019-05-29T04:02:06","slug":"junta-de-vecinos-bernardo-ohiggins-de-yungay-recibio-fondo-social-presidente-de-la-republica","status":"publish","type":"post","link":"https:\/\/www.yungayino.cl\/noticias\/?p=20782","title":{"rendered":"Junta de Vecinos \u201cBernardo O\u2019Higgins\u201d de Yungay Recibi\u00f3 Fondo Social Presidente de la Rep\u00fablica"},"content":{"rendered":"<p><img loading=\"lazy\" decoding=\"async\" class=\"alignnone size-full wp-image-20783\" src=\"http:\/\/www.yungayino.cl\/noticias\/wp-content\/uploads\/2019\/05\/junta_vecinos_bernardo_mayo_2019.jpg\" alt=\"\" width=\"700\" height=\"350\" srcset=\"https:\/\/www.yungayino.cl\/noticias\/wp-content\/uploads\/2019\/05\/junta_vecinos_bernardo_mayo_2019.jpg 700w, https:\/\/www.yungayino.cl\/noticias\/wp-content\/uploads\/2019\/05\/junta_vecinos_bernardo_mayo_2019-300x150.jpg 300w\" sizes=\"auto, (max-width: 700px) 100vw, 700px\" \/><\/p>\n<p style=\"text-align: justify;\">Yungay, martes 28 de mayo 2019: La Junta de Vecinos \u201cBernardo O\u2019Higgins\u201d de Yungay recibi\u00f3 el Fondo Social Presidente de la Rep\u00fablica por un monto de $14.985.697, el cual ser\u00e1 destinado para la obra de ampliaci\u00f3n de su sede.<\/p>\n<p style=\"text-align: justify;\">Con esta entrega se cumple un importante anhelo para la junta de vecinos\u00a0 \u00a0\u201cBernardo O\u2019Higgins\u201d, agrupaci\u00f3n que en su mayor\u00eda est\u00e1 compuesta por adultos mayores, y una de las m\u00e1s antiguas de la comuna de Yungay, que en la actualidad es presidida por la Sra. Clementina Vel\u00e1squez Iturra, quien agradeci\u00f3 el apoyo de las autoridades presentes y al municipio.<\/p>\n<p style=\"text-align: justify;\"><iframe loading=\"lazy\" style=\"border: none; overflow: hidden;\" src=\"https:\/\/www.facebook.com\/plugins\/post.php?href=https:\/\/www.facebook.com\/yungayino.cl\/posts\/2649255638422792?__xts__%5B0%5D=68.ARCvfG4X--eo1pIlcekbBtj9RrJ7Soh3XmCAEv0RqrDj8bbY-52FpZeuCj6IQjBTPMfAqxNURXTvVgPm6BkrRvclGLQe3dOt_kLRnmM-uJxFszIWSCCGf2NjSa6T6vak3cM3JpOcQjxGU_3vm_WMHkPi-mBy7Gh181Z5wM5F3QjyWHaG_jH2OPXICXeUjx1gdUFPhPDn-zuNUrIxoKgrhRrq4tvZwy92wfW4tnpikXZmTcJ3SqUj_sNQwhHxneT7tdCsofDiy1iparBdg3r4xq7MwH1YPdmGYJNgWixtJZ0zETiLXkrJDpr-6eRrJCzptOJYtf2pzKDI6YDFCjuc0wLjdCxHvIu93whK_2ZKQVNoArJA6f3mwfYh_Wu8d6CX1S3OMRQUKRtlrL1mX1H571Up-x5ZxEmaxkzgI2sT5Lqn2btN2L-vsCpWms1IG5wO5YMYdkSGtpqqmJ_9U_DM&amp;__tn__=-R&amp;l=a77e327dc6&amp;l=f5951f1994&amp;l=bfecbb8adf&amp;l=687b6bf5da&amp;width=500&amp;show_text=true&amp;height=691&amp;appId\" width=\"500\" height=\"691\" frameborder=\"0\" scrolling=\"no\"><\/iframe><\/p>\n<p style=\"text-align: justify;\">A esta importante entrega lleg\u00f3 la Gobernadora de la Provincia de Diguill\u00edn Sra. Paola Becker, el Senador Sr. Felipe Harboe, el alcalde Sr. Rafael Cifuentes, los Concejales Sr. Juan Quezada, Sra. Ang\u00e9lica Cabezas, Sr. Ricardo Ramos, Sra. Patricia Moncada, Sr. Rodrigo Stuardo, la Jefa Dideco Sra. Pamela Jelves para hacer entrega del cheque por $14.985.697, correspondiente al Fondo Social Presidente de la Rep\u00fablica al que postularon a trav\u00e9s de la Gobernaci\u00f3n Provincial.<\/p>\n<p style=\"text-align: justify;\">La Gobernadora de la Provincia de Diguill\u00edn Sra. <strong>Paola Becker<\/strong> se\u00f1alo al Equipo del Portal Yungayino.cl estar muy contenta como gobierno por la importancia de la entrega de este fondo de la rep\u00fablica, el cual es apadrinado por el municipio y el alcalde, quienes brindaron a los vecinos el apoyo en la elaboraci\u00f3n de este importante proyecto que permitir\u00e1 realizar ampliaci\u00f3n y mejoras para la sede. Para nosotros es muy grato estar aqu\u00ed compartiendo en esta linda ceremonia, y como Gobierno del Presidente Sebasti\u00e1n Pi\u00f1era.<\/p>\n<p style=\"text-align: justify;\">Por su parte el alcalde de Yungay, Sr. <strong>Rafael Cifuentes<\/strong>, se\u00f1alo al Equipo del Portal Yungayino.cl que este proyecto contempla reparaci\u00f3n, ampliaci\u00f3n y ba\u00f1o para esta sede, proyecto que fue originado con la presentaci\u00f3n de la junta de vecinos y que luego lo elabor\u00f3 el Equipo T\u00e9cnico del Municipio, pero sin embargo se necesitaba apoyo de patrocinio y apadrinamiento en el ministerio del interior por lo que solicitaron apoyo al Senador Sr. Felipe Harboe, quien gentilmente acept\u00f3 as\u00ed lo destac\u00f3 el alcalde, quien agradeci\u00f3 tambi\u00e9n el apoyo de la Gobernadora y el Gobierno, ya que son parte importante en estas gestiones, pero recalc\u00f3 el agradecimiento al Senador Sr. Felipe Harboe, quien realiz\u00f3 las gestiones con el subsecretario del Interior Sr. Rodrigo Ubilla, quien fue el que aprob\u00f3 estos recursos para nuestra comuna.<\/p>\n<p style=\"text-align: justify;\">El Senador Sr. <strong>Felipe Harboe<\/strong>, se\u00f1al\u00f3 al Equipo del Portal Yungayino.cl como una linda actividad, donde tuvo la oportunidad de compartir con la Sra. Clementina Vel\u00e1squez y toda su comunidad de adultos mayores y vecinos, donde hoy se entregaron $ 14 millones correspondientes al Fondo Social Presidente de la Rep\u00fablica, destacando que fue el alcalde Sr. Rafael Cifuentes, quien le present\u00f3 el proyecto, para luego conversar con el subsecretario del Interior Sr. Rodrigo Ubilla para lograr este financiamiento, por eso se\u00f1alo estar muy contento porque esta junta de vecinos podr\u00e1 ampliarse y mejorar su sede para que sigan trabajando como lo han hecho hasta el d\u00eda de hoy.<\/p>\n<p style=\"text-align: justify;\">Finalmente se llev\u00f3 a cabo la firma del documento y entrega de cheque, para luego compartir un c\u00f3ctel y celebrar esta buena noticia.<\/p>\n<p style=\"text-align: justify;\">[su_button url=\u00bbhttps:\/\/www.facebook.com\/pg\/yungayino.cl\/photos\/?tab=album&amp;album_id=2649254025089620&#8243; target=\u00bbblank\u00bb size=\u00bb7&#8243; radius=\u00bbround\u00bb icon=\u00bbicon: facebook-square\u00bb]FOTOGRAF\u00cdAS &#8211; Junta de Vecinos \u201cBernardo O\u2019Higgins\u201d de Yungay Recibi\u00f3 Fondo Social Presidente de la Rep\u00fablica[\/su_button]<\/p>\n","protected":false},"excerpt":{"rendered":"<p>Yungay, martes 28 de mayo 2019: La Junta de Vecinos \u201cBernardo O\u2019Higgins\u201d de Yungay recibi\u00f3 el Fondo Social Presidente de la Rep\u00fablica por un monto de $14.985.697, el cual ser\u00e1 destinado para la obra&#46;&#46;&#46;<\/p>\n","protected":false},"author":2,"featured_media":20783,"comment_status":"closed","ping_status":"open","sticky":false,"template":"","format":"standard","meta":{"footnotes":""},"categories":[1],"tags":[740,1606,1115,8,6,117],"class_list":["post-20782","post","type-post","status-publish","format-standard","has-post-thumbnail","hentry","category-noticias","tag-bernardo-ohiggins","tag-junta-de-vecinos","tag-noticias","tag-yungay","tag-yungayino","tag-yungayinocl"],"_links":{"self":[{"href":"https:\/\/www.yungayino.cl\/noticias\/index.php?rest_route=\/wp\/v2\/posts\/20782","targetHints":{"allow":["GET"]}}],"collection":[{"href":"https:\/\/www.yungayino.cl\/noticias\/index.php?rest_route=\/wp\/v2\/posts"}],"about":[{"href":"https:\/\/www.yungayino.cl\/noticias\/index.php?rest_route=\/wp\/v2\/types\/post"}],"author":[{"embeddable":true,"href":"https:\/\/www.yungayino.cl\/noticias\/index.php?rest_route=\/wp\/v2\/users\/2"}],"replies":[{"embeddable":true,"href":"https:\/\/www.yungayino.cl\/noticias\/index.php?rest_route=%2Fwp%2Fv2%2Fcomments&post=20782"}],"version-history":[{"count":4,"href":"https:\/\/www.yungayino.cl\/noticias\/index.php?rest_route=\/wp\/v2\/posts\/20782\/revisions"}],"predecessor-version":[{"id":20787,"href":"https:\/\/www.yungayino.cl\/noticias\/index.php?rest_route=\/wp\/v2\/posts\/20782\/revisions\/20787"}],"wp:featuredmedia":[{"embeddable":true,"href":"https:\/\/www.yungayino.cl\/noticias\/index.php?rest_route=\/wp\/v2\/media\/20783"}],"wp:attachment":[{"href":"https:\/\/www.yungayino.cl\/noticias\/index.php?rest_route=%2Fwp%2Fv2%2Fmedia&parent=20782"}],"wp:term":[{"taxonomy":"category","embeddable":true,"href":"https:\/\/www.yungayino.cl\/noticias\/index.php?rest_route=%2Fwp%2Fv2%2Fcategories&post=20782"},{"taxonomy":"post_tag","embeddable":true,"href":"https:\/\/www.yungayino.cl\/noticias\/index.php?rest_route=%2Fwp%2Fv2%2Ftags&post=20782"}],"curies":[{"name":"wp","href":"https:\/\/api.w.org\/{rel}","templated":true}]}}