{"id":20794,"date":"2019-05-28T22:00:23","date_gmt":"2019-05-29T01:00:23","guid":{"rendered":"http:\/\/www.yungayino.cl\/noticias\/?p=20794"},"modified":"2019-05-29T01:18:23","modified_gmt":"2019-05-29T04:18:23","slug":"comunidad-apr-sector-el-roble-de-yungay-recibe-27-838-198-de-aporte-del-fondo-presidente-de-la-republica","status":"publish","type":"post","link":"https:\/\/www.yungayino.cl\/noticias\/?p=20794","title":{"rendered":"Comunidad APR Sector El Roble de Yungay Recibe $ 27.838.198 de Aporte del Fondo Presidente de la Rep\u00fablica"},"content":{"rendered":"<p><img loading=\"lazy\" decoding=\"async\" class=\"alignnone size-full wp-image-20795\" src=\"http:\/\/www.yungayino.cl\/noticias\/wp-content\/uploads\/2019\/05\/comite_apr_el_roble_mayo_2019.jpg\" alt=\"\" width=\"700\" height=\"350\" srcset=\"https:\/\/www.yungayino.cl\/noticias\/wp-content\/uploads\/2019\/05\/comite_apr_el_roble_mayo_2019.jpg 700w, https:\/\/www.yungayino.cl\/noticias\/wp-content\/uploads\/2019\/05\/comite_apr_el_roble_mayo_2019-300x150.jpg 300w\" sizes=\"auto, (max-width: 700px) 100vw, 700px\" \/><\/p>\n<p style=\"text-align: justify;\">Yungay, martes 28 de mayo 2019: En una simb\u00f3lica ceremonia con la Comunidad APR del Sector El Roble de Yungay, la gobernadora del Diguill\u00edn Sra. Paola Becker, junto al alcalde Sr. Rafael Cifuentes, el Senador Sr. Felipe Harboe, los Concejales Sr. Ricardo Ramos, Sra. Ang\u00e9lica Cabezas, Sra. Patricia Moncada y la Jefa Dideco Sra. Pamela Jelves, entregaron a los dirigentes del comit\u00e9 de APR los recursos para hacer realidad el anhelado proyecto, promovido e impulsado t\u00e9cnicamente por la Municipalidad de Yungay destinado a la construcci\u00f3n y habilitaci\u00f3n de un pozo profundo de 40 metros aproximadamente, que permitir\u00e1 abastecer de agua potable a los vecinos del Sector El Roble.<\/p>\n<p style=\"text-align: justify;\">Un total de $ 27.838.198 fue el monto asignado por el Fondo Social Presidente de la Rep\u00fablica, el cual permitir\u00e1 garantizar el abastecimiento del l\u00edquido vital a la localidad del Sector El Roble.<\/p>\n<p style=\"text-align: justify;\"><iframe loading=\"lazy\" style=\"border: none; overflow: hidden;\" src=\"https:\/\/www.facebook.com\/plugins\/post.php?href=https:\/\/www.facebook.com\/yungayino.cl\/posts\/2649354528412903?__xts__%5B0%5D=68.ARD6XaIFNZinIaFAv-Y0sgIinEucie2b_K4vJwoUADtdI_X9BPYdABFDKjnLrDSrxF5Csyr-Ddj3HzCC88SRJrYvXgrXC-3UdNYkKqg6WdNwkRMP9kVe1egmjrbsbdGEj1UisVWVVz5UqQlzpVMUxBnEXrA74Z7WGCt4PaG1tWam2NY1KS9Vh47AuNZGDUwnUgviyzRseLib6YtyQSOgbYOwJpLp30YEg74qd78sTYz90YIEC5gXhrmkg6pbfTVHgPCxyZQhQHr7sHaAe2baI1uIsIahbnJolA33ISOypwzPpnFNICAM04xGfDVGI8GiJ4zvxBpXhmHqAzHvT0Qwod4K2pZZGEe7b6yjFI6huelWx_x-egZW0OSMzWlc8ZGRJQYKPwyfdSwzp1c0SvQCOhFPV2-8-kXinNzFHwh-l7_XpnGmW5BnJNyq5Wd_KMqPpAp7E0SMfsa47zf0Mn8P&amp;__tn__=-R&amp;l=a77e327dc6&amp;l=f5951f1994&amp;l=bfecbb8adf&amp;l=687b6bf5da&amp;width=500&amp;show_text=true&amp;height=691&amp;appId\" width=\"500\" height=\"691\" frameborder=\"0\" scrolling=\"no\"><\/iframe><\/p>\n<p style=\"text-align: justify;\">El Fondo Social Presidente de la Rep\u00fablica permite financiar proyectos sociales que apoyan y complementan las pol\u00edticas de inversi\u00f3n social del Gobierno, y para ello se canaliza a trav\u00e9s de dos modalidades: el Fondes, que financia proyectos que se postulan en las gobernaciones e intendencias del pa\u00eds, y el Fondo Nacional, que financia proyectos que se tramitan ante el fondo social.<\/p>\n<p style=\"text-align: justify;\">El Fondo fue recibido por el presidente del APR, Sr. <strong>Arturo Altamirano Herrera<\/strong>, quien se\u00f1alo al Equipo del Portal Yungayino.cl estar contento y agradecido ya que \u201choy concretemos una necesidad que nos afectaba a 264 socios, ya que en la \u00e9poca de verano llega mucho turista y el agua no es suficiente por lo tanto con este recurso econ\u00f3mico nos permitir\u00e1 la construcci\u00f3n de un nuevo pozo que permitir\u00e1 implementar el nuevo circuito, el cual garantizar\u00e1 el agua para todos los vecinos y visitantes, y as\u00ed mejorar la calidad de vida\u201d.<\/p>\n<p style=\"text-align: justify;\">La gobernadora del Diguill\u00edn Sra. <strong>Paola Becker<\/strong>, resalt\u00f3 el impacto social que genera la entrega de este recurso econ\u00f3mico en el Sector El Roble, donde hab\u00edan m\u00e1s de 200 arranques sin suministro de agua, por lo tanto era muy importante financiarlo con el Fondo Social Presidente de la Rep\u00fablica, donde la pol\u00edtica del Gobierno del Presidente Sr. Sebasti\u00e1n Pi\u00f1era que es atender y dar soluciones a estos problemas con sentido de urgencia, tambi\u00e9n destac\u00f3 el proyecto presentado por el Municipio y la gestiones realizadas\u00a0 por su alcalde Sr. Rafael Cifuentes, adem\u00e1s del apoyo dado tambi\u00e9n por el Senador Sr. Felipe Harboe.<\/p>\n<p style=\"text-align: justify;\">Por su parte el alcalde Sr. <strong>Rafael Cifuentes<\/strong>, destac\u00f3 que el Municipio de Yungay est\u00e1 constantemente preocupado en apoyar los proyectos que apuntan a mejorar la calidad de vida de los vecinos de las zonas rurales, destacando estar muy contento y feliz hoy por los vecinos del Sector El Roble y agradeciendo el apoyo del Gobierno, la Gobernadora y por sobre todo las gestiones realizadas\u00a0 por el Senador Sr. Felipe Harboe.<\/p>\n<p style=\"text-align: justify;\">El Senador Sr. <strong>Felipe Harboe<\/strong>, se\u00f1al\u00f3 al Equipo del Portal Yungayino.cl estar muy contento con este\u00a0 proyecto, \u201cya que el agua potable es sin\u00f3nimo de salud, dignidad e inclusi\u00f3n, por lo tanto hoy lo que se est\u00e1 haciendo es entregando fondos para ampliar la APR del Sector El Roble, ya que los vecinos se ve\u00edan afectado sobre todo en el verano con este vital recurso del agua, as\u00ed que muy contento y agradecido del subsecretario del Interior Sr. Rodrigo Ubilla, quien atendi\u00f3 la petici\u00f3n que el realiz\u00f3 y ayud\u00f3 al financiamiento de este proyecto\u201d, adicionalmente tambi\u00e9n felicitar al alcalde Sr. Rafael Cifuentes y todo su Equipo Municipal, a la Gobernaci\u00f3n y Gobernadora Sra. Paola Becker, ya que todos apoyaron participando de este proyecto de $ 28 millones que se entregaron hoy a su presidente del APR, Sr. Arturo Altamirano Herrera y toda la comunidad del Sector El Roble.<\/p>\n<p style=\"text-align: justify;\">Finalmente se llev\u00f3 a cabo la entrega del cheque y luego todos los presentes compartieron un c\u00f3ctel celebrando este proyecto adjudicado.<\/p>\n<p style=\"text-align: justify;\">[su_button url=\u00bbhttps:\/\/www.facebook.com\/pg\/yungayino.cl\/photos\/?tab=album&amp;album_id=2649353008413055&#8243; target=\u00bbblank\u00bb size=\u00bb7&#8243; radius=\u00bbround\u00bb icon=\u00bbicon: facebook-square\u00bb]FOTOGRAF\u00cdAS &#8211; Comunidad APR Sector El Roble de Yungay Recibe $ 27.838.198 de Aporte del Fondo Presidente de la Rep\u00fablica[\/su_button]<\/p>\n","protected":false},"excerpt":{"rendered":"<p>Yungay, martes 28 de mayo 2019: En una simb\u00f3lica ceremonia con la Comunidad APR del Sector El Roble de Yungay, la gobernadora del Diguill\u00edn Sra. Paola Becker, junto al alcalde Sr. Rafael Cifuentes, el&#46;&#46;&#46;<\/p>\n","protected":false},"author":2,"featured_media":20795,"comment_status":"closed","ping_status":"open","sticky":false,"template":"","format":"standard","meta":{"footnotes":""},"categories":[1],"tags":[1997,1115,731,8,6,117],"class_list":["post-20794","post","type-post","status-publish","format-standard","has-post-thumbnail","hentry","category-noticias","tag-agua-potable-rural","tag-noticias","tag-sector-el-roble","tag-yungay","tag-yungayino","tag-yungayinocl"],"_links":{"self":[{"href":"https:\/\/www.yungayino.cl\/noticias\/index.php?rest_route=\/wp\/v2\/posts\/20794","targetHints":{"allow":["GET"]}}],"collection":[{"href":"https:\/\/www.yungayino.cl\/noticias\/index.php?rest_route=\/wp\/v2\/posts"}],"about":[{"href":"https:\/\/www.yungayino.cl\/noticias\/index.php?rest_route=\/wp\/v2\/types\/post"}],"author":[{"embeddable":true,"href":"https:\/\/www.yungayino.cl\/noticias\/index.php?rest_route=\/wp\/v2\/users\/2"}],"replies":[{"embeddable":true,"href":"https:\/\/www.yungayino.cl\/noticias\/index.php?rest_route=%2Fwp%2Fv2%2Fcomments&post=20794"}],"version-history":[{"count":4,"href":"https:\/\/www.yungayino.cl\/noticias\/index.php?rest_route=\/wp\/v2\/posts\/20794\/revisions"}],"predecessor-version":[{"id":20798,"href":"https:\/\/www.yungayino.cl\/noticias\/index.php?rest_route=\/wp\/v2\/posts\/20794\/revisions\/20798"}],"wp:featuredmedia":[{"embeddable":true,"href":"https:\/\/www.yungayino.cl\/noticias\/index.php?rest_route=\/wp\/v2\/media\/20795"}],"wp:attachment":[{"href":"https:\/\/www.yungayino.cl\/noticias\/index.php?rest_route=%2Fwp%2Fv2%2Fmedia&parent=20794"}],"wp:term":[{"taxonomy":"category","embeddable":true,"href":"https:\/\/www.yungayino.cl\/noticias\/index.php?rest_route=%2Fwp%2Fv2%2Fcategories&post=20794"},{"taxonomy":"post_tag","embeddable":true,"href":"https:\/\/www.yungayino.cl\/noticias\/index.php?rest_route=%2Fwp%2Fv2%2Ftags&post=20794"}],"curies":[{"name":"wp","href":"https:\/\/api.w.org\/{rel}","templated":true}]}}