{"id":20807,"date":"2019-05-30T17:00:27","date_gmt":"2019-05-30T20:00:27","guid":{"rendered":"http:\/\/www.yungayino.cl\/noticias\/?p=20807"},"modified":"2019-05-30T17:17:59","modified_gmt":"2019-05-30T20:17:59","slug":"biblioteca-de-yungay-fue-premiada-por-gestion-integral-ano-2018","status":"publish","type":"post","link":"https:\/\/www.yungayino.cl\/noticias\/?p=20807","title":{"rendered":"Biblioteca de Yungay fue Premiada por Gesti\u00f3n Integral a\u00f1o 2018"},"content":{"rendered":"<p><img loading=\"lazy\" decoding=\"async\" class=\"alignnone size-full wp-image-20808\" src=\"http:\/\/www.yungayino.cl\/noticias\/wp-content\/uploads\/2019\/05\/biblioteca_integral_mayo_2019.jpg\" alt=\"\" width=\"700\" height=\"350\" srcset=\"https:\/\/www.yungayino.cl\/noticias\/wp-content\/uploads\/2019\/05\/biblioteca_integral_mayo_2019.jpg 700w, https:\/\/www.yungayino.cl\/noticias\/wp-content\/uploads\/2019\/05\/biblioteca_integral_mayo_2019-300x150.jpg 300w\" sizes=\"auto, (max-width: 700px) 100vw, 700px\" \/><\/p>\n<p style=\"text-align: justify;\">Yungay, jueves 30 de mayo 2019: Ayer la Biblioteca Municipal de Yungay \u00a0fue premiada por la Coordinaci\u00f3n de Bibliotecas P\u00fablicas de la regi\u00f3n Biob\u00edo y \u00d1uble como la Biblioteca Integral a\u00f1o 2018.<\/p>\n<p>&nbsp;<\/p>\n<p style=\"text-align: justify;\"><iframe loading=\"lazy\" style=\"border: none; overflow: hidden;\" src=\"https:\/\/www.facebook.com\/plugins\/post.php?href=https:\/\/www.facebook.com\/yungayino.cl\/posts\/2652307518117604?__xts__%5B0%5D=68.ARDnSe3D5SE8fmI62NBcxjluqSXaelMJMf_4xREn8Oi7da3CXxRE3BaSoS7x6X-lbY0UK4sZ5KP1wke7QO-Fy0Rb1Ww5JSQAiEK2RczX1VmZ6jltjGi2-ruEYabCtUKybBjKBz5fOxoAgV4GgdAz1Pv4oJpIl-ngDBELk5vUlID2mgpNdjHKWjo_mBToCjbH5AywP9j_TTesVi_Xwodoz2WiFSmkTlGWt9qc1TKqZZNJfQWe_zT8AvgwutEvEOJISz-2G-I-VdfQ1gpL0jMouV_PGMeDeOSd1SxLfWjoTR9NDDeyA3zr3VcZBQlwNM1lJE5tkNDRFkxkbj1hHiAdjVHnA3PxIcJ2HRW8GJcVuLAgdLe8oZQVMGk5CwFI0YwZXY2sX2CX3Ym6nJueGCEC8pH5o9IInWFOVRlbiAwgEcGrOB0whr6kZqoJ8UFIMPzGepmrEkNqnkhkYxmhHWgy&amp;__tn__=-R&amp;l=a77e327dc6&amp;l=f5951f1994&amp;l=bfecbb8adf&amp;l=687b6bf5da&amp;width=500&amp;show_text=true&amp;height=691&amp;appId\" width=\"500\" height=\"691\" frameborder=\"0\" scrolling=\"no\"><\/iframe><\/p>\n<p>&nbsp;<\/p>\n<p style=\"text-align: justify;\">Esta distinci\u00f3n considera la gesti\u00f3n cultural y calidad del servicio que d\u00eda a d\u00eda entregan su directora, Sra. Paulina \u00c1vila Pinto junto a todo el equipo que integra la Biblioteca. Felicitaciones a todo el equipo de la Biblioteca Oreste Montero.<\/p>\n<p style=\"text-align: justify;\">[su_button url=\u00bbhttps:\/\/www.facebook.com\/pg\/yungayino.cl\/photos\/?tab=album&amp;album_id=2652307381450951&#8243; target=\u00bbblank\u00bb size=\u00bb7&#8243; radius=\u00bbround\u00bb icon=\u00bbicon: facebook-square\u00bb]FOTOGRAF\u00cdAS &#8211; Biblioteca de Yungay fue Premiada por Gesti\u00f3n Integral a\u00f1o 2018[\/su_button]<\/p>\n","protected":false},"excerpt":{"rendered":"<p>Yungay, jueves 30 de mayo 2019: Ayer la Biblioteca Municipal de Yungay \u00a0fue premiada por la Coordinaci\u00f3n de Bibliotecas P\u00fablicas de la regi\u00f3n Biob\u00edo y \u00d1uble como la Biblioteca Integral a\u00f1o 2018. &nbsp; &nbsp;&#46;&#46;&#46;<\/p>\n","protected":false},"author":2,"featured_media":20808,"comment_status":"closed","ping_status":"open","sticky":false,"template":"","format":"standard","meta":{"footnotes":""},"categories":[1],"tags":[583,651,1115,8,6,117],"class_list":["post-20807","post","type-post","status-publish","format-standard","has-post-thumbnail","hentry","category-noticias","tag-biblioteca","tag-biblioteca-municipal","tag-noticias","tag-yungay","tag-yungayino","tag-yungayinocl"],"_links":{"self":[{"href":"https:\/\/www.yungayino.cl\/noticias\/index.php?rest_route=\/wp\/v2\/posts\/20807","targetHints":{"allow":["GET"]}}],"collection":[{"href":"https:\/\/www.yungayino.cl\/noticias\/index.php?rest_route=\/wp\/v2\/posts"}],"about":[{"href":"https:\/\/www.yungayino.cl\/noticias\/index.php?rest_route=\/wp\/v2\/types\/post"}],"author":[{"embeddable":true,"href":"https:\/\/www.yungayino.cl\/noticias\/index.php?rest_route=\/wp\/v2\/users\/2"}],"replies":[{"embeddable":true,"href":"https:\/\/www.yungayino.cl\/noticias\/index.php?rest_route=%2Fwp%2Fv2%2Fcomments&post=20807"}],"version-history":[{"count":5,"href":"https:\/\/www.yungayino.cl\/noticias\/index.php?rest_route=\/wp\/v2\/posts\/20807\/revisions"}],"predecessor-version":[{"id":20813,"href":"https:\/\/www.yungayino.cl\/noticias\/index.php?rest_route=\/wp\/v2\/posts\/20807\/revisions\/20813"}],"wp:featuredmedia":[{"embeddable":true,"href":"https:\/\/www.yungayino.cl\/noticias\/index.php?rest_route=\/wp\/v2\/media\/20808"}],"wp:attachment":[{"href":"https:\/\/www.yungayino.cl\/noticias\/index.php?rest_route=%2Fwp%2Fv2%2Fmedia&parent=20807"}],"wp:term":[{"taxonomy":"category","embeddable":true,"href":"https:\/\/www.yungayino.cl\/noticias\/index.php?rest_route=%2Fwp%2Fv2%2Fcategories&post=20807"},{"taxonomy":"post_tag","embeddable":true,"href":"https:\/\/www.yungayino.cl\/noticias\/index.php?rest_route=%2Fwp%2Fv2%2Ftags&post=20807"}],"curies":[{"name":"wp","href":"https:\/\/api.w.org\/{rel}","templated":true}]}}