{"id":20818,"date":"2019-05-30T23:30:40","date_gmt":"2019-05-31T02:30:40","guid":{"rendered":"http:\/\/www.yungayino.cl\/noticias\/?p=20818"},"modified":"2019-05-31T00:23:14","modified_gmt":"2019-05-31T03:23:14","slug":"42-familias-yungayinas-fueron-afectadas-por-fenomeno-meteorologico-en-sector-de-rinconada-de-itata","status":"publish","type":"post","link":"https:\/\/www.yungayino.cl\/noticias\/?p=20818","title":{"rendered":"42 Familias Yungayinas Fueron Afectadas por Fen\u00f3meno Meteorol\u00f3gico en Sector de Rinconada de Itata"},"content":{"rendered":"<p><img loading=\"lazy\" decoding=\"async\" class=\"alignnone size-full wp-image-20819\" src=\"http:\/\/www.yungayino.cl\/noticias\/wp-content\/uploads\/2019\/05\/rinconada_itata_mayo_2019.jpg\" alt=\"\" width=\"700\" height=\"350\" srcset=\"https:\/\/www.yungayino.cl\/noticias\/wp-content\/uploads\/2019\/05\/rinconada_itata_mayo_2019.jpg 700w, https:\/\/www.yungayino.cl\/noticias\/wp-content\/uploads\/2019\/05\/rinconada_itata_mayo_2019-300x150.jpg 300w\" sizes=\"auto, (max-width: 700px) 100vw, 700px\" \/><\/p>\n<p style=\"text-align: justify;\">Yungay, jueves 30 de Mayo 2019: Alrededor de las 15:00 horas de hoy los vecinos del Sector de Rinconada de Itata enfrentaron el paso de un intenso sistema frontal que dej\u00f3\u00a042 familias afectadas. De ellas, 14 viviendas quedaron con da\u00f1os mayores\u00a0y\u00a028 con da\u00f1os menores.<\/p>\n<p style=\"text-align: justify;\">El desastre de caracter\u00edsticas naturales provoc\u00f3 corte del suministro el\u00e9ctrico a ra\u00edz de la ca\u00edda de postes, desabastecimiento de agua potable y da\u00f1o de algunos enseres al interior de las viviendas afectadas.<\/p>\n<p><iframe loading=\"lazy\" style=\"border: none; overflow: hidden;\" src=\"https:\/\/www.facebook.com\/plugins\/post.php?href=https:\/\/www.facebook.com\/yungayino.cl\/posts\/2652863914728631?__xts__%5B0%5D=68.ARDmJqqsm64Z_CalvKugbFigp_gBa1YJInUC0ygxNZfdzRqoWBKui1eH9Z8rDf9knxNRAdTHPxjxSfmi5wF9XJ1cLFJAWLHGPGrGqdrcMB_AdF3Fhk1-rd2kEn9cJuZo0fZj6M9EnTUaimuYPFcLMCkZXu_Z7KK7xq-i4GmRGcRGlLDw_gtmt8gkM33N9GdB-Kg1G-Okpd7aU-ClS_85FiWTQADBNAD25wYNrAZbMGZCS6WraBSqUvb0oaWM3HkP-lKr962xMXvPpkKEFbOVtmdT78cGrvbzdQwyADHir0_nCztZMMZG-VrvUKAYsPITyBHjY1adQFQaFsnllfWri3jJg5P97jULvw5jUDg7cgCDILJOzNxv0dw_0nfFBFVcj9JA8UpQtrtTj3wgTLdIwxylorJ33AYv59-2KTA7K7H4_H1h7P4sjx3NvUaQsYu-gZ_HVO9h9g8qH5EsAmeF&amp;__tn__=-R&amp;l=a77e327dc6&amp;l=f5951f1994&amp;l=bfecbb8adf&amp;l=687b6bf5da&amp;width=500&amp;show_text=true&amp;height=691&amp;appId\" width=\"500\" height=\"691\" frameborder=\"0\" scrolling=\"no\"><\/iframe><\/p>\n<p style=\"text-align: justify;\">Tomando conocimiento de la emergencia y cuantificando los da\u00f1os, el municipio asisti\u00f3 a las familias con apoyo material y log\u00edstico. Para enfrentar esta emergencia se cont\u00f3 con la coordinaci\u00f3n comunal de Bomberos, Equipo Municipal, Carabineros, adem\u00e1s de la Empresa Coelcha.<\/p>\n<p style=\"text-align: justify;\">Al lugar concurri\u00f3 el encargado regional \u00a0de emergencia de la Onemi, Cristian Matus y el encargado regional de emergencia de la Gobernaci\u00f3n Diguill\u00edn, Ram\u00f3n Mora, junto al alcalde Rafael Cifuentes Rodr\u00edguez, para constatar en terreno\u00a0la elaboraci\u00f3n del informe Alfa que permitir\u00e1 canalizar recursos del Estado e ir en ayuda de nuestros vecinos.<\/p>\n<p style=\"text-align: justify;\">Siendo las 22:30 horas, informamos que como primera respuesta, el apoyo material y log\u00edstico se concret\u00f3 en cubrimiento de techumbre con pl\u00e1stico, entrega de agua potable, radio port\u00e1til (facilitada por Bomberos) y entrega de alimentos;\u00a0por otra parte, patrullaje nocturno de Carabineros durante la jornada de la noche y la elaboraci\u00f3n de informes (Alfa y Fibe) que permitir\u00e1n cuantificar los da\u00f1os y solicitar a la Onemi apoyo material para las familias damnificadas.<\/p>\n<p style=\"text-align: justify;\">Al cierre de este comunicado a\u00fan se encuentra en terreno el equipo municipal, y ma\u00f1ana, a primera hora, el alcalde junto a la gobernadora de la provincia del Diguill\u00edn, Paola Becker Villa, estar\u00e1n presentes en el lugar para seguir realizando las gestiones de ayuda a la comunidad.<\/p>\n<p style=\"text-align: justify;\">Los organismos p\u00fablicos y privados continuar\u00e1n coordinados a trav\u00e9s del Comit\u00e9 Operativo de Emergencia (COE) durante las pr\u00f3ximas horas y durante el fin de semana, liderados por alcalde Rafael Cifuentes Rodr\u00edguez, as\u00ed lo informo al Equipo del Portal Yungayino.cl el Administrador Municipal Sr. Felipe Lagos y Jefe Gabinete Sr. Guillermo Saavedra.<\/p>\n<p>&nbsp;<\/p>\n<p style=\"text-align: justify;\">[su_button url=\u00bbhttps:\/\/www.facebook.com\/pg\/yungayino.cl\/photos\/?tab=album&amp;album_id=2652863461395343&#8243; target=\u00bbblank\u00bb size=\u00bb7&#8243; radius=\u00bbround\u00bb icon=\u00bbicon: facebook-square\u00bb]FOTOGRAF\u00cdAS &#8211; 42 Familias Fueron Afectadas por Fen\u00f3meno Meteorol\u00f3gico en Sector de\u00a0Rinconada de Itata[\/su_button]<\/p>\n","protected":false},"excerpt":{"rendered":"<p>Yungay, jueves 30 de Mayo 2019: Alrededor de las 15:00 horas de hoy los vecinos del Sector de Rinconada de Itata enfrentaron el paso de un intenso sistema frontal que dej\u00f3\u00a042 familias afectadas. De&#46;&#46;&#46;<\/p>\n","protected":false},"author":2,"featured_media":20819,"comment_status":"closed","ping_status":"open","sticky":false,"template":"","format":"standard","meta":{"footnotes":""},"categories":[1],"tags":[2000,1115,1868,8,6,117],"class_list":["post-20818","post","type-post","status-publish","format-standard","has-post-thumbnail","hentry","category-noticias","tag-fenomeno-meteorologico","tag-noticias","tag-rinconada-de-itata","tag-yungay","tag-yungayino","tag-yungayinocl"],"_links":{"self":[{"href":"https:\/\/www.yungayino.cl\/noticias\/index.php?rest_route=\/wp\/v2\/posts\/20818","targetHints":{"allow":["GET"]}}],"collection":[{"href":"https:\/\/www.yungayino.cl\/noticias\/index.php?rest_route=\/wp\/v2\/posts"}],"about":[{"href":"https:\/\/www.yungayino.cl\/noticias\/index.php?rest_route=\/wp\/v2\/types\/post"}],"author":[{"embeddable":true,"href":"https:\/\/www.yungayino.cl\/noticias\/index.php?rest_route=\/wp\/v2\/users\/2"}],"replies":[{"embeddable":true,"href":"https:\/\/www.yungayino.cl\/noticias\/index.php?rest_route=%2Fwp%2Fv2%2Fcomments&post=20818"}],"version-history":[{"count":3,"href":"https:\/\/www.yungayino.cl\/noticias\/index.php?rest_route=\/wp\/v2\/posts\/20818\/revisions"}],"predecessor-version":[{"id":20822,"href":"https:\/\/www.yungayino.cl\/noticias\/index.php?rest_route=\/wp\/v2\/posts\/20818\/revisions\/20822"}],"wp:featuredmedia":[{"embeddable":true,"href":"https:\/\/www.yungayino.cl\/noticias\/index.php?rest_route=\/wp\/v2\/media\/20819"}],"wp:attachment":[{"href":"https:\/\/www.yungayino.cl\/noticias\/index.php?rest_route=%2Fwp%2Fv2%2Fmedia&parent=20818"}],"wp:term":[{"taxonomy":"category","embeddable":true,"href":"https:\/\/www.yungayino.cl\/noticias\/index.php?rest_route=%2Fwp%2Fv2%2Fcategories&post=20818"},{"taxonomy":"post_tag","embeddable":true,"href":"https:\/\/www.yungayino.cl\/noticias\/index.php?rest_route=%2Fwp%2Fv2%2Ftags&post=20818"}],"curies":[{"name":"wp","href":"https:\/\/api.w.org\/{rel}","templated":true}]}}