{"id":2082,"date":"2009-10-04T20:00:10","date_gmt":"2009-10-05T00:00:10","guid":{"rendered":"http:\/\/www.yungayino.cl\/noticias\/?p=2082"},"modified":"2009-10-05T08:09:27","modified_gmt":"2009-10-05T12:09:27","slug":"fiesta-de-san-francisco-en-yungay","status":"publish","type":"post","link":"https:\/\/www.yungayino.cl\/noticias\/?p=2082","title":{"rendered":"Fiesta de San Francisco en Yungay"},"content":{"rendered":"<p><img decoding=\"async\" src=\"http:\/\/www.yungayino.cl\/imagenes\/fiestasanfrancisco20091004.jpg\" alt=\"Fiesta de San Francisco en Yungay\" \/><\/p>\n<p align=\"justify\"><font size=\"2\">Domingo 04 de octubre se llevo a cabo la Fiesta de San Francisco en la Escuela de Santa Irma, sector de San Antonio comunidad rural distante a 21 Kms. de Yungay y que fue presidida por Zoilo Irarr\u00e1zabal; Director de mencionado establecimiento educacional. Esta tradicional fiesta religiosa que consiste en bendecir la siembra de trigo para pedir por una generosa cosecha, donde la m\u00fasica folcl\u00f3rica y cuecas interpretadas por los Conjuntos \u201cAlbores de Lomas Coloradas\u201d de la Comuna de San Pedro de la Paz y \u201cCantares\u201d de Yungay acompa\u00f1aron a los visitantes, quienes tambi\u00e9n pudieron degustar de comidas t\u00edpicas como el asado de cordero, cazuela de ave, catutos, tortillas y de los stands, que ofrec\u00edan artesan\u00eda, productos agr\u00edcolas etc. A pesar de la lluvia una gran concurrencia de p\u00fablico disfruto de esta sexta versi\u00f3n, pudiendo participar de la caminata, colocaci\u00f3n de la cruz en el trigo y la bendici\u00f3n del Sacerdote Lu\u00eds Rocha, tambi\u00e9n el funcionamiento de un loco m\u00f3vil y una m\u00e1quina trilladora, la cu\u00e1l fue puesta en servicio despu\u00e9s de una d\u00e9cada sin uso especialmente para esta fiesta. A esta importante actividad concurri\u00f3 el Alcalde Pedro Inostroza, los Diputados de la Rep\u00fablica Rosauro Mart\u00ednez y Carlos Abel Jarpa, Carolina Baeza del Departamento de DIDECO, Evelyn Villa Directora Departamento de Salud Municipal, Concejales, medios locales de comunicaci\u00f3n y Fredy Bast\u00edas Fuentes Director del Programa Folcl\u00f3rico \u201cTradiciones de Chile\u201d de la Radio la Discusi\u00f3n, qui\u00e9n acompa\u00f1ado por su equipo transmiti\u00f3 en directo esta actividad para toda la provincia de \u00d1uble.<br \/>\n<a href=\"http:\/\/www.yungayino.cl\/noticias\/?p=2082#comments\">Comente Aqu\u00ed<\/a><br \/>\n<a href=\"http:\/\/www.yungayino.cl\/imagenes\/actividadesypremiaciones20091004.doc\">M\u00e1s Informaci\u00f3n<\/a><br \/>\n<a href=\"http:\/\/www.flickr.com\/photos\/43238407@N02\/tags\/fiestasanfrancisco2009\/\">Fotograf\u00edas<\/a><br \/>\n<a href=\"http:\/\/www.youtube.com\/watch?v=JX3GMiJAnWU\">Video Funcionamiento Loco M\u00f3vil y M\u00e1quina Trilladora<\/a><br \/>\n<a href=\"http:\/\/www.youtube.com\/watch?v=MzZRlMfgxXw\">Video Caminata de San Francisco<\/a><br \/>\n<a href=\"http:\/\/www.youtube.com\/watch?v=hFln37cdEG4\">Video Puesta de Cruz en el Trigo<\/a><br \/>\n<a href=\"http:\/\/www.youtube.com\/watch?v=OMES49OSWGw\">Video Cantares de Yungay<\/a><\/font><\/p>\n","protected":false},"excerpt":{"rendered":"<p>Domingo 04 de octubre se llevo a cabo la Fiesta de San Francisco en la Escuela de Santa Irma, sector de San Antonio comunidad rural distante a 21 Kms. de Yungay y que fue&#46;&#46;&#46;<\/p>\n","protected":false},"author":2,"featured_media":15122,"comment_status":"open","ping_status":"open","sticky":false,"template":"","format":"standard","meta":{"footnotes":""},"categories":[5,1],"tags":[1117,76,1115,75,8,6],"class_list":["post-2082","post","type-post","status-publish","format-standard","has-post-thumbnail","hentry","category-eventos","category-noticias","tag-eventos","tag-fiesta-san-francisco","tag-noticias","tag-tradiciones","tag-yungay","tag-yungayino"],"_links":{"self":[{"href":"https:\/\/www.yungayino.cl\/noticias\/index.php?rest_route=\/wp\/v2\/posts\/2082","targetHints":{"allow":["GET"]}}],"collection":[{"href":"https:\/\/www.yungayino.cl\/noticias\/index.php?rest_route=\/wp\/v2\/posts"}],"about":[{"href":"https:\/\/www.yungayino.cl\/noticias\/index.php?rest_route=\/wp\/v2\/types\/post"}],"author":[{"embeddable":true,"href":"https:\/\/www.yungayino.cl\/noticias\/index.php?rest_route=\/wp\/v2\/users\/2"}],"replies":[{"embeddable":true,"href":"https:\/\/www.yungayino.cl\/noticias\/index.php?rest_route=%2Fwp%2Fv2%2Fcomments&post=2082"}],"version-history":[{"count":17,"href":"https:\/\/www.yungayino.cl\/noticias\/index.php?rest_route=\/wp\/v2\/posts\/2082\/revisions"}],"predecessor-version":[{"id":2099,"href":"https:\/\/www.yungayino.cl\/noticias\/index.php?rest_route=\/wp\/v2\/posts\/2082\/revisions\/2099"}],"wp:featuredmedia":[{"embeddable":true,"href":"https:\/\/www.yungayino.cl\/noticias\/index.php?rest_route=\/wp\/v2\/media\/15122"}],"wp:attachment":[{"href":"https:\/\/www.yungayino.cl\/noticias\/index.php?rest_route=%2Fwp%2Fv2%2Fmedia&parent=2082"}],"wp:term":[{"taxonomy":"category","embeddable":true,"href":"https:\/\/www.yungayino.cl\/noticias\/index.php?rest_route=%2Fwp%2Fv2%2Fcategories&post=2082"},{"taxonomy":"post_tag","embeddable":true,"href":"https:\/\/www.yungayino.cl\/noticias\/index.php?rest_route=%2Fwp%2Fv2%2Ftags&post=2082"}],"curies":[{"name":"wp","href":"https:\/\/api.w.org\/{rel}","templated":true}]}}