{"id":20838,"date":"2019-06-01T23:00:31","date_gmt":"2019-06-02T02:00:31","guid":{"rendered":"http:\/\/www.yungayino.cl\/noticias\/?p=20838"},"modified":"2019-06-02T14:55:45","modified_gmt":"2019-06-02T17:55:45","slug":"municipalidad-de-yungay-y-onemi-concretan-entrega-de-ayuda-a-familias-de-rinconada-de-itata-y-pedregal","status":"publish","type":"post","link":"https:\/\/www.yungayino.cl\/noticias\/?p=20838","title":{"rendered":"Municipalidad de Yungay y ONEMI Concretan Entrega de Ayuda a Familias de Rinconada de Itata y Pedregal"},"content":{"rendered":"<p><img loading=\"lazy\" decoding=\"async\" class=\"alignnone size-full wp-image-20839\" src=\"http:\/\/www.yungayino.cl\/noticias\/wp-content\/uploads\/2019\/06\/yungay_ayuda_municipalidad_onemi.jpg\" alt=\"\" width=\"700\" height=\"350\" srcset=\"https:\/\/www.yungayino.cl\/noticias\/wp-content\/uploads\/2019\/06\/yungay_ayuda_municipalidad_onemi.jpg 700w, https:\/\/www.yungayino.cl\/noticias\/wp-content\/uploads\/2019\/06\/yungay_ayuda_municipalidad_onemi-300x150.jpg 300w\" sizes=\"auto, (max-width: 700px) 100vw, 700px\" \/><\/p>\n<p style=\"text-align: justify;\">Yungay, s\u00e1bado 01 de junio 2019: En un d\u00eda cargado de emociones y cumpliendo el compromiso de las autoridades el alcalde Rafael Cifuentes Rodr\u00edguez junto al Equipo de ONEMI y Gobernaci\u00f3n de Diguill\u00edn, concretaron la entrega de ayuda a un total de 44 hogares damnificados que sufrieron p\u00e9rdidas materiales, de v\u00edveres y enseres producto del evento meteorol\u00f3gico del pasado jueves 30 de Mayo en las localidades de Rinconada de Itata y Pedregal.<\/p>\n<p style=\"text-align: justify;\"><iframe loading=\"lazy\" style=\"border: none; overflow: hidden;\" src=\"https:\/\/www.facebook.com\/plugins\/post.php?href=https:\/\/www.facebook.com\/yungayino.cl\/posts\/2657545980927091?__xts__%5B0%5D=68.ARDFrLGhGKb3iV0uqrpzfzSBtSdmkLmst0aSplr-RXGzUXa1JoQOCDNyPVLPY_IdqGU71PwhBsLX-HqTQNBxkid_WTgFKzWU5veD3ALHcPvOPxTWaYZXxV3GEfeQKduDXuVuzCehOGAKsZwXxKb-divw9kv-vppT_ZlMa77tUEDdpjewPNfS1Ff0HdJx5gznYv7IynfG1aFQCtPSxi1tHWQrB4FoB8MZxNU4zBGlOCS0APStWvNmfEJ0MPsqlK-qOmsP1F58Ax8R2Q8lT9ef8I8sK6tw69VykIVftlKAXNhJyXU_pJ6uWkxlZwxb25yK_nGlL2lLZdfVSEWg-azE_IY_8ZtQiRylYaemNQWn5dv3qXQCx-2KRsRZopH13ZRAGNwhNob-YfuZ-8JeNwjTAi3N3LZXbYMK7-4y6MtRexyoq83kdPBRW86r9CJmnoecbCQSwkXZsbuDsW-GI5dr&amp;__tn__=-R&amp;l=a77e327dc6&amp;l=f5951f1994&amp;l=bfecbb8adf&amp;l=687b6bf5da&amp;width=500&amp;show_text=true&amp;height=691&amp;appId\" width=\"500\" height=\"691\" frameborder=\"0\" scrolling=\"no\"><\/iframe><\/p>\n<p style=\"text-align: justify;\">La r\u00e1pida y oportuna respuesta del municipio desde el primer momento (levantando informaci\u00f3n en terreno y entregando ayuda inmediata), hoy fue reforzada con recursos materiales que ONEMI dispuso para normalizar la vida de las personas afectadas, todo de acuerdo a requerimientos solicitados en el informe ALFA elaborado por el equipo municipal.<\/p>\n<p style=\"text-align: justify;\">El alcalde, Rafael Cifuentes Rodr\u00edguez, adem\u00e1s de valorar el apoyo entregado por la Gobernaci\u00f3n Provincial y ONEMI, destac\u00f3 el trabajo de las y los funcionarios municipales, quienes estuvieron en todo momento acompa\u00f1ando a las familias, coordinando el comit\u00e9 operativo de emergencias, adem\u00e1s de estar en contacto con dirigentes del sector.<\/p>\n<p style=\"text-align: justify;\">La primera autoridad se\u00f1al\u00f3 \u00abSin el compromiso de nuestro equipo municipal y de las instituciones vinculadas a la respuesta a la emergencia hubi\u00e9semos tenido a las familias sin ayuda y apoyo durante varios d\u00edas, por eso agradezco el trabajo realizado y el compromiso adquirido con nuestra gente\u201d.<\/p>\n<p style=\"text-align: justify;\">Finalmente el alcalde de Yungay agradece a todo Yungay por su colaboraci\u00f3n.<\/p>\n<p style=\"text-align: justify;\">[su_button url=\u00bbhttps:\/\/www.facebook.com\/pg\/yungayino.cl\/photos\/?tab=album&amp;album_id=2657545767593779&#8243; target=\u00bbblank\u00bb size=\u00bb7&#8243; radius=\u00bbround\u00bb icon=\u00bbicon: facebook-square\u00bb]FOTOGRAF\u00cdAS &#8211; Municipalidad de Yungay y ONEMI Concretan Entrega de Ayuda a Familias de Rinconada de Itata y Pedregal[\/su_button]<\/p>\n","protected":false},"excerpt":{"rendered":"<p>Yungay, s\u00e1bado 01 de junio 2019: En un d\u00eda cargado de emociones y cumpliendo el compromiso de las autoridades el alcalde Rafael Cifuentes Rodr\u00edguez junto al Equipo de ONEMI y Gobernaci\u00f3n de Diguill\u00edn, concretaron&#46;&#46;&#46;<\/p>\n","protected":false},"author":2,"featured_media":20839,"comment_status":"closed","ping_status":"open","sticky":false,"template":"","format":"standard","meta":{"footnotes":""},"categories":[1,32],"tags":[1115,682,2003,2002,8,6,117],"class_list":["post-20838","post","type-post","status-publish","format-standard","has-post-thumbnail","hentry","category-noticias","category-servicios","tag-noticias","tag-onemi","tag-pedregal","tag-rinconada-itata","tag-yungay","tag-yungayino","tag-yungayinocl"],"_links":{"self":[{"href":"https:\/\/www.yungayino.cl\/noticias\/index.php?rest_route=\/wp\/v2\/posts\/20838","targetHints":{"allow":["GET"]}}],"collection":[{"href":"https:\/\/www.yungayino.cl\/noticias\/index.php?rest_route=\/wp\/v2\/posts"}],"about":[{"href":"https:\/\/www.yungayino.cl\/noticias\/index.php?rest_route=\/wp\/v2\/types\/post"}],"author":[{"embeddable":true,"href":"https:\/\/www.yungayino.cl\/noticias\/index.php?rest_route=\/wp\/v2\/users\/2"}],"replies":[{"embeddable":true,"href":"https:\/\/www.yungayino.cl\/noticias\/index.php?rest_route=%2Fwp%2Fv2%2Fcomments&post=20838"}],"version-history":[{"count":3,"href":"https:\/\/www.yungayino.cl\/noticias\/index.php?rest_route=\/wp\/v2\/posts\/20838\/revisions"}],"predecessor-version":[{"id":20842,"href":"https:\/\/www.yungayino.cl\/noticias\/index.php?rest_route=\/wp\/v2\/posts\/20838\/revisions\/20842"}],"wp:featuredmedia":[{"embeddable":true,"href":"https:\/\/www.yungayino.cl\/noticias\/index.php?rest_route=\/wp\/v2\/media\/20839"}],"wp:attachment":[{"href":"https:\/\/www.yungayino.cl\/noticias\/index.php?rest_route=%2Fwp%2Fv2%2Fmedia&parent=20838"}],"wp:term":[{"taxonomy":"category","embeddable":true,"href":"https:\/\/www.yungayino.cl\/noticias\/index.php?rest_route=%2Fwp%2Fv2%2Fcategories&post=20838"},{"taxonomy":"post_tag","embeddable":true,"href":"https:\/\/www.yungayino.cl\/noticias\/index.php?rest_route=%2Fwp%2Fv2%2Ftags&post=20838"}],"curies":[{"name":"wp","href":"https:\/\/api.w.org\/{rel}","templated":true}]}}