{"id":20870,"date":"2019-06-09T20:00:21","date_gmt":"2019-06-09T23:00:21","guid":{"rendered":"http:\/\/www.yungayino.cl\/noticias\/?p=20870"},"modified":"2019-06-09T22:36:16","modified_gmt":"2019-06-10T01:36:16","slug":"fiesta-frutos-secos-se-realizo-en-sector-pallahuala-de-yungay","status":"publish","type":"post","link":"https:\/\/www.yungayino.cl\/noticias\/?p=20870","title":{"rendered":"Fiesta Frutos Secos se Realiz\u00f3 en Sector Pallahuala de Yungay"},"content":{"rendered":"<p><img loading=\"lazy\" decoding=\"async\" class=\"alignnone size-full wp-image-20871\" src=\"http:\/\/www.yungayino.cl\/noticias\/wp-content\/uploads\/2019\/06\/fiesta_frutos_secos_pallahuala_2019.jpg\" alt=\"\" width=\"700\" height=\"350\" srcset=\"https:\/\/www.yungayino.cl\/noticias\/wp-content\/uploads\/2019\/06\/fiesta_frutos_secos_pallahuala_2019.jpg 700w, https:\/\/www.yungayino.cl\/noticias\/wp-content\/uploads\/2019\/06\/fiesta_frutos_secos_pallahuala_2019-300x150.jpg 300w\" sizes=\"auto, (max-width: 700px) 100vw, 700px\" \/><\/p>\n<p style=\"text-align: justify;\">Yungay, domingo 09 de junio 2019: ayer s\u00e1bado 8 de junio se realiz\u00f3 la primera versi\u00f3n de la \u201cFiesta de los Frutos Secos\u201d en el Sector de Pallahuala, esta actividad cont\u00f3 con el apoyo de la Comunidad Escolar de la Escuela de Pallahuala, la Junta de Vecinos del sector y la Ilustre Municipalidad de Yungay.<\/p>\n<p style=\"text-align: justify;\"><iframe loading=\"lazy\" style=\"border: none; overflow: hidden;\" src=\"https:\/\/www.facebook.com\/plugins\/post.php?href=https:\/\/www.facebook.com\/yungayino.cl\/posts\/2671010809580608?__xts__%5B0%5D=68.ARCTfrC2rqromNye3S9KIG-epYi3J9Rlrbku7nsTqMY9NJBrIAvX7nH8dk4vks367SfCOOrr9zOGxIHKkFcKtpkJnm5nE8Xc_d6ohkmHkpaeAxefbuDDXRemcSL_Yq7ex4Sxi-lPiHlDaqxznl7kZLj5FV8cw8IF2K4z0ph0PmMhAOiF_bZavOi6Hjgrdf6DFeRrLsty-v38PcPprwEBudZfDRCFUSAxjTiMmoBHdVCvwdv7UdUlC1ZfTOFkPalFhN8Tfpn3iwtfVnOJNHGjQWIt-uGPYbXhgaZyERc0GJbGzPqueMP-K-9odMPZgadhpxS_efS2Cc-MeWXNRwvPgvJgysMiAY1xb77xOMhXfDODJhPt6xyW1_rFDgqhS3rje07X1CJCRSrfVw5SSv-XJDEBoxwcigVH6QsmTwNOHmfhcVs1cgK_sfLmnA_LBps7bSQwgXvm4ho-JyiiaEE6&amp;__tn__=-R&amp;l=a77e327dc6&amp;l=f5951f1994&amp;l=bfecbb8adf&amp;l=687b6bf5da&amp;width=500&amp;show_text=true&amp;height=691&amp;appId\" width=\"500\" height=\"691\" frameborder=\"0\" scrolling=\"no\"><\/iframe><\/p>\n<p style=\"text-align: justify;\">La jornada se inici\u00f3 al mediod\u00eda donde se cont\u00f3 con la asistencia del alcalde Sr. Rafael Cifuentes Rodr\u00edguez, Concejales y p\u00fablico en general, quienes disfrutaron de una hermosa tarde recorriendo los stand que ofrec\u00edan frutos secos tradicionales de nuestra zona como la avellana, casta\u00f1as, nueces etc. adem\u00e1s de artesan\u00eda y productos t\u00edpicos.<\/p>\n<p style=\"text-align: justify;\">Finalmente destacar que esta primera versi\u00f3n cont\u00f3 con la participaci\u00f3n de cantautores y poetas de nuestra zona, la participaci\u00f3n folcl\u00f3rica de adultos mayores, grupo de Chinchineros y para cerrar la jornada Los Halcones Negros.<\/p>\n<p style=\"text-align: justify;\">[su_button url=\u00bbhttps:\/\/www.facebook.com\/pg\/yungayino.cl\/photos\/?tab=album&amp;album_id=2671010329580656&#8243; target=\u00bbblank\u00bb size=\u00bb7&#8243; radius=\u00bbround\u00bb icon=\u00bbicon: facebook-square\u00bb]FOTOGRAF\u00cdAS &#8211; Fiesta Frutos Secos se Realiz\u00f3 en Sector Pallahuala de Yungay[\/su_button]<\/p>\n","protected":false},"excerpt":{"rendered":"<p>Yungay, domingo 09 de junio 2019: ayer s\u00e1bado 8 de junio se realiz\u00f3 la primera versi\u00f3n de la \u201cFiesta de los Frutos Secos\u201d en el Sector de Pallahuala, esta actividad cont\u00f3 con el apoyo&#46;&#46;&#46;<\/p>\n","protected":false},"author":2,"featured_media":20871,"comment_status":"closed","ping_status":"open","sticky":false,"template":"","format":"standard","meta":{"footnotes":""},"categories":[5,1],"tags":[912,2008,1115,568,8,6,117],"class_list":["post-20870","post","type-post","status-publish","format-standard","has-post-thumbnail","hentry","category-eventos","category-noticias","tag-escuela-pallahuala","tag-fiesta-frutos-secos","tag-noticias","tag-pallahuala","tag-yungay","tag-yungayino","tag-yungayinocl"],"_links":{"self":[{"href":"https:\/\/www.yungayino.cl\/noticias\/index.php?rest_route=\/wp\/v2\/posts\/20870","targetHints":{"allow":["GET"]}}],"collection":[{"href":"https:\/\/www.yungayino.cl\/noticias\/index.php?rest_route=\/wp\/v2\/posts"}],"about":[{"href":"https:\/\/www.yungayino.cl\/noticias\/index.php?rest_route=\/wp\/v2\/types\/post"}],"author":[{"embeddable":true,"href":"https:\/\/www.yungayino.cl\/noticias\/index.php?rest_route=\/wp\/v2\/users\/2"}],"replies":[{"embeddable":true,"href":"https:\/\/www.yungayino.cl\/noticias\/index.php?rest_route=%2Fwp%2Fv2%2Fcomments&post=20870"}],"version-history":[{"count":3,"href":"https:\/\/www.yungayino.cl\/noticias\/index.php?rest_route=\/wp\/v2\/posts\/20870\/revisions"}],"predecessor-version":[{"id":20874,"href":"https:\/\/www.yungayino.cl\/noticias\/index.php?rest_route=\/wp\/v2\/posts\/20870\/revisions\/20874"}],"wp:featuredmedia":[{"embeddable":true,"href":"https:\/\/www.yungayino.cl\/noticias\/index.php?rest_route=\/wp\/v2\/media\/20871"}],"wp:attachment":[{"href":"https:\/\/www.yungayino.cl\/noticias\/index.php?rest_route=%2Fwp%2Fv2%2Fmedia&parent=20870"}],"wp:term":[{"taxonomy":"category","embeddable":true,"href":"https:\/\/www.yungayino.cl\/noticias\/index.php?rest_route=%2Fwp%2Fv2%2Fcategories&post=20870"},{"taxonomy":"post_tag","embeddable":true,"href":"https:\/\/www.yungayino.cl\/noticias\/index.php?rest_route=%2Fwp%2Fv2%2Ftags&post=20870"}],"curies":[{"name":"wp","href":"https:\/\/api.w.org\/{rel}","templated":true}]}}