{"id":20884,"date":"2019-06-11T15:00:59","date_gmt":"2019-06-11T18:00:59","guid":{"rendered":"http:\/\/www.yungayino.cl\/noticias\/?p=20884"},"modified":"2019-06-11T17:57:06","modified_gmt":"2019-06-11T20:57:06","slug":"con-un-emotivo-funeral-comunidad-le-dio-el-ultimo-adios-al-director-y-profesor-hector-enrique-molina","status":"publish","type":"post","link":"https:\/\/www.yungayino.cl\/noticias\/?p=20884","title":{"rendered":"Con un Emotivo Funeral, Comunidad le Dio el \u00daltimo Adi\u00f3s al Director y Profesor H\u00e9ctor Enrique Molina"},"content":{"rendered":"<p><img loading=\"lazy\" decoding=\"async\" class=\"alignnone size-full wp-image-20885\" src=\"http:\/\/www.yungayino.cl\/noticias\/wp-content\/uploads\/2019\/06\/funeral_profesor_hector_molina.jpg\" alt=\"\" width=\"700\" height=\"350\" srcset=\"https:\/\/www.yungayino.cl\/noticias\/wp-content\/uploads\/2019\/06\/funeral_profesor_hector_molina.jpg 700w, https:\/\/www.yungayino.cl\/noticias\/wp-content\/uploads\/2019\/06\/funeral_profesor_hector_molina-300x150.jpg 300w\" sizes=\"auto, (max-width: 700px) 100vw, 700px\" \/><\/p>\n<p style=\"text-align: justify;\">Yungay, martes 11 de\u00a0 junio 2019: Con un emotivo funeral la comunidad de\u00a0 Yungay le dio el \u00faltimo adi\u00f3s al Profesor y Director de la Escuela Los Mayos G-371, H\u00e9ctor Enrique Molina Molina (Q.E.P.D), quien falleciera el pasado s\u00e1bado 8 de junio 2019 a la edad de 64 a\u00f1os producto de una enfermedad.<\/p>\n<p style=\"text-align: justify;\"><iframe loading=\"lazy\" style=\"border: none; overflow: hidden;\" src=\"https:\/\/www.facebook.com\/plugins\/post.php?href=https:\/\/www.facebook.com\/yungayino.cl\/posts\/2674339425914413?__xts__%5B0%5D=68.ARCXs6qJe0mS1srn8e4coGBweo0sPLN62eek-QuaPtImcNftf7QRmr6pzVjZV1oHqlzsaUBMVf5KfGT6KeJStWyDov9uHOLEzT8WYm0Zm5qPa-ISFEqv3gEiNTDm7KFPZsTsi82pB6ABOxoQMX8T-VTmolHRVbXrBPg8JfHhHZ85dgeJIZOibbRS8TaB5aFh0cpXMf0DQ-W8O7X5eF_0t2pD7D1kuQaknNL9FFYTfrjv6VGCXb0v0rjUqkgoXfMuY3pzNE0aG199dZ0Qwnq5KuNZVP8I802l1bvVG-XKJPZsSxV5XtprELHxQE0NK_mXujfIzWslUxRM_x4lHYaDNbRO7wI3up6NhYbXnX4NdWFPehUhy8-n315J6SCRasPhxeli_c3oDATys8jd8MfmJR7tNvLX0KKwI9rRTEgMgFjh2Hw65HoapZVRbN78YBbFkalu9T834Eio1CaD-hG4&amp;__tn__=-R&amp;l=a77e327dc6&amp;l=f5951f1994&amp;l=bfecbb8adf&amp;l=687b6bf5da&amp;width=500&amp;show_text=true&amp;height=691&amp;appId\" width=\"500\" height=\"691\" frameborder=\"0\" scrolling=\"no\"><\/iframe><\/p>\n<p style=\"text-align: justify;\">Sus\u00a0 funerales se llevaron a cabo ayer lunes 10 de junio, donde llegaron sus familiares, amigos, autoridades comunales, Colegio de Profesores as\u00ed como tambi\u00e9n un gran n\u00famero de personas provenientes de distintos puntos de nuestra comuna y alrededores.<\/p>\n<p style=\"text-align: justify;\">Fue en el Sector Los Mayos donde la comunidad de la Escuela Los Mayos G-371, rindi\u00f3 el \u00faltimo adi\u00f3s, adem\u00e1s de emotivos mensajes y tambi\u00e9n de manera simb\u00f3lica los \u00faltimos campanazos, para luego trasladarse a la Parroquia San Miguel de Yungay para una misa.<\/p>\n<p style=\"text-align: justify;\">Posteriormente sus restos fueron trasladados al Cementerio Municipal de Yungay, pero antes tambi\u00e9n se llev\u00f3 a cabo un acto de despedida en el frontis de la Escuela Fernando Baquedano, con la participaci\u00f3n de representantes de diferentes establecimientos educacionales de nuestra comuna, donde se destac\u00f3 el gran legado que entreg\u00f3 a varias\u00a0 generaciones marcando la vida de quienes tuvieron la fortuna de ser sus alumnos y todo aquel que lo conoci\u00f3 como Profesor y Director.<\/p>\n<p style=\"text-align: justify;\">Fotograf\u00edas Gentileza: Funeraria Yungay<\/p>\n<p style=\"text-align: justify;\">[su_button url=\u00bbhttps:\/\/www.facebook.com\/pg\/yungayino.cl\/photos\/?tab=album&amp;album_id=2674339215914434&#8243; target=\u00bbblank\u00bb size=\u00bb7&#8243; radius=\u00bbround\u00bb icon=\u00bbicon: facebook-square\u00bb]FOTOGRAF\u00cdAS &#8211; Con un Emotivo Funeral, Comunidad le Dio el \u00daltimo Adi\u00f3s al Director y Profesor H\u00e9ctor Enrique Molina[\/su_button]<\/p>\n","protected":false},"excerpt":{"rendered":"<p>Yungay, martes 11 de\u00a0 junio 2019: Con un emotivo funeral la comunidad de\u00a0 Yungay le dio el \u00faltimo adi\u00f3s al Profesor y Director de la Escuela Los Mayos G-371, H\u00e9ctor Enrique Molina Molina (Q.E.P.D),&#46;&#46;&#46;<\/p>\n","protected":false},"author":2,"featured_media":20885,"comment_status":"closed","ping_status":"open","sticky":false,"template":"","format":"standard","meta":{"footnotes":""},"categories":[1],"tags":[366,246,2013,1115,2012,8,6,117],"class_list":["post-20884","post","type-post","status-publish","format-standard","has-post-thumbnail","hentry","category-noticias","tag-educacion","tag-escuela-los-mayos","tag-hector-molina","tag-noticias","tag-profesor","tag-yungay","tag-yungayino","tag-yungayinocl"],"_links":{"self":[{"href":"https:\/\/www.yungayino.cl\/noticias\/index.php?rest_route=\/wp\/v2\/posts\/20884","targetHints":{"allow":["GET"]}}],"collection":[{"href":"https:\/\/www.yungayino.cl\/noticias\/index.php?rest_route=\/wp\/v2\/posts"}],"about":[{"href":"https:\/\/www.yungayino.cl\/noticias\/index.php?rest_route=\/wp\/v2\/types\/post"}],"author":[{"embeddable":true,"href":"https:\/\/www.yungayino.cl\/noticias\/index.php?rest_route=\/wp\/v2\/users\/2"}],"replies":[{"embeddable":true,"href":"https:\/\/www.yungayino.cl\/noticias\/index.php?rest_route=%2Fwp%2Fv2%2Fcomments&post=20884"}],"version-history":[{"count":4,"href":"https:\/\/www.yungayino.cl\/noticias\/index.php?rest_route=\/wp\/v2\/posts\/20884\/revisions"}],"predecessor-version":[{"id":20889,"href":"https:\/\/www.yungayino.cl\/noticias\/index.php?rest_route=\/wp\/v2\/posts\/20884\/revisions\/20889"}],"wp:featuredmedia":[{"embeddable":true,"href":"https:\/\/www.yungayino.cl\/noticias\/index.php?rest_route=\/wp\/v2\/media\/20885"}],"wp:attachment":[{"href":"https:\/\/www.yungayino.cl\/noticias\/index.php?rest_route=%2Fwp%2Fv2%2Fmedia&parent=20884"}],"wp:term":[{"taxonomy":"category","embeddable":true,"href":"https:\/\/www.yungayino.cl\/noticias\/index.php?rest_route=%2Fwp%2Fv2%2Fcategories&post=20884"},{"taxonomy":"post_tag","embeddable":true,"href":"https:\/\/www.yungayino.cl\/noticias\/index.php?rest_route=%2Fwp%2Fv2%2Ftags&post=20884"}],"curies":[{"name":"wp","href":"https:\/\/api.w.org\/{rel}","templated":true}]}}