{"id":20899,"date":"2019-06-13T17:00:11","date_gmt":"2019-06-13T20:00:11","guid":{"rendered":"http:\/\/www.yungayino.cl\/noticias\/?p=20899"},"modified":"2019-06-13T18:39:41","modified_gmt":"2019-06-13T21:39:41","slug":"lanzan-en-nuble-inedito-programa-para-recuperar-viviendas-sociales","status":"publish","type":"post","link":"https:\/\/www.yungayino.cl\/noticias\/?p=20899","title":{"rendered":"Lanzan en \u00d1uble In\u00e9dito Programa Para Recuperar Viviendas Sociales"},"content":{"rendered":"<p><img loading=\"lazy\" decoding=\"async\" class=\"alignnone size-full wp-image-20900\" src=\"http:\/\/www.yungayino.cl\/noticias\/wp-content\/uploads\/2019\/06\/viviendas_te_cache.jpg\" alt=\"\" width=\"700\" height=\"350\" srcset=\"https:\/\/www.yungayino.cl\/noticias\/wp-content\/uploads\/2019\/06\/viviendas_te_cache.jpg 700w, https:\/\/www.yungayino.cl\/noticias\/wp-content\/uploads\/2019\/06\/viviendas_te_cache-300x150.jpg 300w\" sizes=\"auto, (max-width: 700px) 100vw, 700px\" \/><\/p>\n<p style=\"text-align: justify;\">Regional, jueves 13 de junio 2019: \u201cYa basta de abusos\u201d con esas palabras el intendente de \u00d1uble, Mart\u00edn Arrau, se refiri\u00f3 al in\u00e9dito Programa de Recuperaci\u00f3n de Viviendas Sociales, \u201cTE CACH\u00c9\u201d, que fue lanzado hoy jueves por el seremi de Vivienda y Urbanismo, Carlos Urrestarazu y el director de Serviu \u00d1uble, \u00c1lvaro Pinto, en la Villa Creaci\u00f3n de Chill\u00e1n.<\/p>\n<p style=\"text-align: justify;\">Las autoridades desde temprano realizaron una fiscalizaci\u00f3n al conjunto habitacional de 359 viviendas que fue entregado hace m\u00e1s de dos a\u00f1os y que a la fecha presenta 30 viviendas mal utilizadas (deshabitadas y\/o arrendadas) lo que representa casi el 10% del total de casas de la villa.<\/p>\n<p style=\"text-align: justify;\">\u201cTenemos un total de 30 viviendas que est\u00e1n dentro de esta categor\u00eda en la Villa Creaci\u00f3n y si se suman nuevas denuncias, en \u00d1uble, tendremos m\u00e1s de un conjunto habitacional donde las viviendas no est\u00e1n siendo bien utilizadas. El llamado es a ser conscientes, porque cuando alguien se aprovecha de estos programas dejamos a alguien fuera y detr\u00e1s de cada vivienda hay historia de a\u00f1os de lucha de familias que si necesitan las viviendas. Por eso vamos hacer implacables junto a las autoridades del Minvu\u201d, se\u00f1al\u00f3 el intendente de \u00d1uble, Mart\u00edn Arrau.<\/p>\n<p style=\"text-align: justify;\">El in\u00e9dito Plan de Fiscalizaci\u00f3n \u201cTE CACH\u00c9\u201d invita a los vecinos a entregar informaci\u00f3n sobre estos casos, para as\u00ed iniciar un proceso de recuperaci\u00f3n, y posteriormente, ser destinadas a familias con subsidio que buscan un nuevo hogar.<\/p>\n<p style=\"text-align: justify;\">Sobre la iniciativa, el seremi de Vivienda y Urbanismo, Carlos Urrestarazu se\u00f1al\u00f3 que \u201cesto no se trata de una persecuci\u00f3n a las familias porque tenemos las mejores intenciones, queremos brindar mejor calidad de vida a las personas de \u00d1uble que tienen necesidades habitacionales y esa es la labor de nuestro ministerio y es un eje principal del Gobierno del Presidente Sebasti\u00e1n Pi\u00f1era. Es injusto que ese fin se vea truncado por inescrupulosos que sacan provecho de un beneficio, no nos daremos el lujo de malgastar dinero p\u00fablico\u201d, lanz\u00f3 el titular de la cartera de vivienda en \u00d1uble.<\/p>\n<p style=\"text-align: justify;\">En tanto, el director regional de Serviu \u00d1uble, \u00c1lvaro Pinto puso \u00e9nfasis en las fiscalizaciones que tomar\u00e1n fuerza por parte del equipo del Servicio de Vivienda y Urbanizaci\u00f3n, \u201csomos los encargados de fiscalizar el buen uso de las viviendas y es por esto que nuestros funcionarios se han desplegado por diferentes sectores de la ciudad para cumplir con esta tarea. A la fecha han ingresado 56 denuncias a trav\u00e9s de la plataforma de denuncia que dispuso el Minvu para agilizar este proceso y con estos datos estamos generando un procedimiento que nos permita responder de la manera m\u00e1s r\u00e1pida y \u00f3ptima los requerimientos de la ciudadan\u00eda, dijo el director de Serviu, \u00c1lvaro Pinto.<\/p>\n<p style=\"text-align: justify;\">En la fiscalizaci\u00f3n realizada a la Villa Creaci\u00f3n estuvo presente el presidente de la junta de vecinos, Guillermo Sald\u00edas, quien encuentra ins\u00f3lita la situaci\u00f3n con la que deben lidiar los dem\u00e1s beneficiados que, si hicieron buen uso del subsidio asignado por el Minvu, \u201cesperamos tener respuestas, a nosotros nos cost\u00f3 m\u00e1s de 15 a\u00f1os tener la casa propia y hay personas que simplemente nunca han habitado estas viviendas y otras las est\u00e1n arrendando\u201d, dijo el vecino.<\/p>\n<p style=\"text-align: justify;\"><strong>\u00bfQu\u00e9 se puede denunciar?<\/strong><\/p>\n<ul style=\"text-align: justify;\">\n<li>Incumplimiento de la obligaci\u00f3n de habitar por cinco a\u00f1os contados desde la entrega material del inmueble.<\/li>\n<li>Arrendamiento o cesi\u00f3n del uso a terceros o un pariente.<\/li>\n<li>Ocupaci\u00f3n ilegal<\/li>\n<li>Destino no habitacional, es decir, uso completo de la vivienda para fines comerciales.<\/li>\n<\/ul>\n<p style=\"text-align: justify;\"><strong>\u00a0<\/strong><\/p>\n<p style=\"text-align: justify;\"><strong>\u00bfC\u00f3mo denunciar?<\/strong><\/p>\n<p style=\"text-align: justify;\">Tanto un ciudadano (persona natural) como una autoridad (comit\u00e9s, municipalidades, Serviu, etc) pueden hacer una denuncia en\u00a0<a href=\"http:\/\/www.minvu.cl\/\">www.minvu.cl<\/a>\u00a0donde podr\u00e1n entregar documentos, fotos o videos para evidenciar el caso. Tambi\u00e9n se puede hacer llegar por escrito a la oficina de partes del Serviu. La denuncia no es an\u00f3nima, pero si confidencial.<\/p>\n","protected":false},"excerpt":{"rendered":"<p>Regional, jueves 13 de junio 2019: \u201cYa basta de abusos\u201d con esas palabras el intendente de \u00d1uble, Mart\u00edn Arrau, se refiri\u00f3 al in\u00e9dito Programa de Recuperaci\u00f3n de Viviendas Sociales, \u201cTE CACH\u00c9\u201d, que fue lanzado&#46;&#46;&#46;<\/p>\n","protected":false},"author":2,"featured_media":20900,"comment_status":"closed","ping_status":"open","sticky":false,"template":"","format":"standard","meta":{"footnotes":""},"categories":[3,1],"tags":[2016,1115,2015,2017,8,6,117],"class_list":["post-20899","post","type-post","status-publish","format-standard","has-post-thumbnail","hentry","category-actualidad","category-noticias","tag-minvu","tag-noticias","tag-te-cache","tag-viviendas-sociales","tag-yungay","tag-yungayino","tag-yungayinocl"],"_links":{"self":[{"href":"https:\/\/www.yungayino.cl\/noticias\/index.php?rest_route=\/wp\/v2\/posts\/20899","targetHints":{"allow":["GET"]}}],"collection":[{"href":"https:\/\/www.yungayino.cl\/noticias\/index.php?rest_route=\/wp\/v2\/posts"}],"about":[{"href":"https:\/\/www.yungayino.cl\/noticias\/index.php?rest_route=\/wp\/v2\/types\/post"}],"author":[{"embeddable":true,"href":"https:\/\/www.yungayino.cl\/noticias\/index.php?rest_route=\/wp\/v2\/users\/2"}],"replies":[{"embeddable":true,"href":"https:\/\/www.yungayino.cl\/noticias\/index.php?rest_route=%2Fwp%2Fv2%2Fcomments&post=20899"}],"version-history":[{"count":2,"href":"https:\/\/www.yungayino.cl\/noticias\/index.php?rest_route=\/wp\/v2\/posts\/20899\/revisions"}],"predecessor-version":[{"id":20902,"href":"https:\/\/www.yungayino.cl\/noticias\/index.php?rest_route=\/wp\/v2\/posts\/20899\/revisions\/20902"}],"wp:featuredmedia":[{"embeddable":true,"href":"https:\/\/www.yungayino.cl\/noticias\/index.php?rest_route=\/wp\/v2\/media\/20900"}],"wp:attachment":[{"href":"https:\/\/www.yungayino.cl\/noticias\/index.php?rest_route=%2Fwp%2Fv2%2Fmedia&parent=20899"}],"wp:term":[{"taxonomy":"category","embeddable":true,"href":"https:\/\/www.yungayino.cl\/noticias\/index.php?rest_route=%2Fwp%2Fv2%2Fcategories&post=20899"},{"taxonomy":"post_tag","embeddable":true,"href":"https:\/\/www.yungayino.cl\/noticias\/index.php?rest_route=%2Fwp%2Fv2%2Ftags&post=20899"}],"curies":[{"name":"wp","href":"https:\/\/api.w.org\/{rel}","templated":true}]}}