{"id":20932,"date":"2019-06-20T20:00:25","date_gmt":"2019-06-20T23:00:25","guid":{"rendered":"http:\/\/www.yungayino.cl\/noticias\/?p=20932"},"modified":"2019-06-20T21:27:18","modified_gmt":"2019-06-21T00:27:18","slug":"recuerdos-del-pasado-se-denomina-hermosa-exposicion-en-biblioteca-de-yungay","status":"publish","type":"post","link":"https:\/\/www.yungayino.cl\/noticias\/?p=20932","title":{"rendered":"\u00abRecuerdos del Pasado\u00bb, se Denomina Hermosa Exposici\u00f3n en Biblioteca de Yungay"},"content":{"rendered":"<p><img loading=\"lazy\" decoding=\"async\" class=\"alignnone size-full wp-image-20933\" src=\"http:\/\/www.yungayino.cl\/noticias\/wp-content\/uploads\/2019\/06\/recuerdos_del_pasado_exposicion_2019.jpg\" alt=\"\" width=\"700\" height=\"350\" srcset=\"https:\/\/www.yungayino.cl\/noticias\/wp-content\/uploads\/2019\/06\/recuerdos_del_pasado_exposicion_2019.jpg 700w, https:\/\/www.yungayino.cl\/noticias\/wp-content\/uploads\/2019\/06\/recuerdos_del_pasado_exposicion_2019-300x150.jpg 300w\" sizes=\"auto, (max-width: 700px) 100vw, 700px\" \/><\/p>\n<p style=\"text-align: justify;\">Yungay, jueves 20 de junio 2019: El d\u00eda de ayer se llev\u00f3 a cabo la inauguraci\u00f3n de la hermosa exposici\u00f3n denominada <strong>\u201cRecuerdos del Pasado<\/strong>\u201d, del profesor Sr. Jes\u00fas Gabriel Quintrileo Alarc\u00f3n, quien durante varios a\u00f1os ha guardado los trabajos realizados por sus ex alumnos, en su trayectoria como docente de artes pl\u00e1sticas durante 46 a\u00f1os, de los cuales 43 fueron en Yungay.<\/p>\n<p style=\"text-align: justify;\">La exposici\u00f3n que fue organizada por la Biblioteca Oreste Montero de Yungay y el Grupo de Amigos de la Biblioteca de Yungay (GABY), grupo al cual tambi\u00e9n pertenece el profesor Sr. Gabriel Quintrileo, fue as\u00ed como surgi\u00f3 este proyecto y sue\u00f1o, el cual busca promover el arte y la cultura de Yungay.<\/p>\n<p style=\"text-align: justify;\"><iframe loading=\"lazy\" style=\"border: none; overflow: hidden;\" src=\"https:\/\/www.facebook.com\/plugins\/post.php?href=https:\/\/www.facebook.com\/yungayino.cl\/posts\/2691338867547802?__xts__%5B0%5D=68.ARCniCiE1rwYjpzR0u_oKuavVLchD9Jj8Ks3RV1tY6AkSWJTFXVAuUDnUdZnPhLuUPaMlHPgzJU9U4OaXdSiIsXO2wJeFbb09M407lSZBD88dopnQwUIiYqyJVIEr1hpdbBgnPUWXGtUdULJD-zCUw44jWRjtQg9V4_tGIONPlV1SFoTO9rO9QcxMlk_ku7DpwRb6ce-CN7JQ1u3vTI4KaEmU9HYNgMEzPiG-Azx_J8joVZAzJa7h-A3Zby5D1aU7hcJ4RrdBzRaCo6GjfrMgbtPMub_BnTsrj0Uw6E3uOyoFquBbHaw9L5M7meymww0FhK_CwSlOit2IdgkS8OKBHSkZyE8URn7e4po9Bj3OOzDnIda6TOAclc1PWMJkWBqius686nRJRHrXsMAHtNvSRdg4cDMCsz4pbkS0ctNZyhzEUt55pvT8TJUYFcZGLDgPEin5hrt2ZVHm9Tqzbp9&amp;__tn__=-R&amp;l=a77e327dc6&amp;l=f5951f1994&amp;l=bfecbb8adf&amp;l=687b6bf5da&amp;width=500&amp;show_text=true&amp;height=691&amp;appId\" width=\"500\" height=\"691\" frameborder=\"0\" scrolling=\"no\"><\/iframe><\/p>\n<p style=\"text-align: justify;\">En la ocasi\u00f3n la biblioteca liderada por la Sra. Paulina \u00c1vila hizo entrega de un reconocimiento al profesor Sr. Gabriel Quintrileo, por su gran aporte en esta exposici\u00f3n, tambi\u00e9n la familia Quintrileo Beyer, hicieron entrega de dos ejemplares del libro de poemas escritos por el profesor como donaci\u00f3n a la Biblioteca.<\/p>\n<p style=\"text-align: justify;\"><strong>Sr. Gabriel Quintrileo Alarc\u00f3n<\/strong>, se\u00f1alo al Equipo del Portal Yungayino.cl, que los trabajos expuestos hoy tienen varios a\u00f1os, es as\u00ed que algunos tienen m\u00e1s de 34 a\u00f1os y que todo nace pensando que era bueno guardar este material por varios a\u00f1os, y que cuando sus alumnos fueran adultos, como lo son hoy en d\u00eda pudieran recordar sus tiempos como ni\u00f1o, su tiempo de infancia. Por otro lado tambi\u00e9n destac\u00f3 que dentro de los trabajos se reflejaron antiguas casas y edificios emblem\u00e1ticos y que hoy ya no est\u00e1n, pero si sus recuerdos que los j\u00f3venes dejaron plasmado en su trabajo art\u00edstico.<\/p>\n<p style=\"text-align: justify;\"><strong>Sr. Alejandro Gonz\u00e1lez Espinoza<\/strong>, Presidente de GABY, se\u00f1alo al Equipo del Portal Yungayino.cl que esta hermosa exposici\u00f3n que hoy inauguramos tiene el objetivo de promover la cultura y la expresi\u00f3n art\u00edstica en Yungay, tambi\u00e9n destac\u00f3 que en este breve tiempo que se han formado como agrupaci\u00f3n, la cual destaca por la disposici\u00f3n de varios amigos para apoyar y colaborar con las diferentes actividades que realiza de muy buena manera la biblioteca, fue as\u00ed como apoyaron la idea que ten\u00eda hace varios a\u00f1os el profesor Sr. Gabriel Quintrileo, donde sin duda hay un patrimonio arquitect\u00f3nico y cultural visual en estos trabajos, de cosas que hoy ya no est\u00e1n, por eso se rescata el valor patrimonial, art\u00edstico y emocional que se ven reflejados en esta exposici\u00f3n.<\/p>\n<p style=\"text-align: justify;\">Finalmente el presidente de Gaby, reitero la invitaci\u00f3n a toda la comunidad a visitar a esta hermosa exposici\u00f3n, la cual estar\u00e1 abierta a la comunidad durante un mes, tambi\u00e9n destac\u00f3 e invita a participar en el primer concurso literario de cuentos breves, denominado \u201cTe Cuento Yungay\u201d, donde la tem\u00e1tica de los cuentos debe estar relacionada con la vida en la comuna de Yungay y los cuentos deben ser in\u00e9ditos y no superar las 177 palabras.<\/p>\n<p style=\"text-align: justify;\">[su_button url=\u00bbhttps:\/\/www.facebook.com\/pg\/yungayino.cl\/photos\/?tab=album&amp;album_id=2691338210881201&#8243; target=\u00bbblank\u00bb size=\u00bb7&#8243; radius=\u00bbround\u00bb icon=\u00bbicon: facebook-square\u00bb]FOTOGRAF\u00cdAS &#8211; \u00abRecuerdos del Pasado\u00bb, se Denomina Hermosa Exposici\u00f3n en Biblioteca de Yungay[\/su_button]<\/p>\n","protected":false},"excerpt":{"rendered":"<p>Yungay, jueves 20 de junio 2019: El d\u00eda de ayer se llev\u00f3 a cabo la inauguraci\u00f3n de la hermosa exposici\u00f3n denominada \u201cRecuerdos del Pasado\u201d, del profesor Sr. Jes\u00fas Gabriel Quintrileo Alarc\u00f3n, quien durante varios&#46;&#46;&#46;<\/p>\n","protected":false},"author":2,"featured_media":20933,"comment_status":"closed","ping_status":"open","sticky":false,"template":"","format":"standard","meta":{"footnotes":""},"categories":[1],"tags":[583,723,2022,2011,1115,2012,2021,8,6,117],"class_list":["post-20932","post","type-post","status-publish","format-standard","has-post-thumbnail","hentry","category-noticias","tag-biblioteca","tag-exposicion","tag-gabriel-quintrileo","tag-gaby","tag-noticias","tag-profesor","tag-recuerdos-del-pasado","tag-yungay","tag-yungayino","tag-yungayinocl"],"_links":{"self":[{"href":"https:\/\/www.yungayino.cl\/noticias\/index.php?rest_route=\/wp\/v2\/posts\/20932","targetHints":{"allow":["GET"]}}],"collection":[{"href":"https:\/\/www.yungayino.cl\/noticias\/index.php?rest_route=\/wp\/v2\/posts"}],"about":[{"href":"https:\/\/www.yungayino.cl\/noticias\/index.php?rest_route=\/wp\/v2\/types\/post"}],"author":[{"embeddable":true,"href":"https:\/\/www.yungayino.cl\/noticias\/index.php?rest_route=\/wp\/v2\/users\/2"}],"replies":[{"embeddable":true,"href":"https:\/\/www.yungayino.cl\/noticias\/index.php?rest_route=%2Fwp%2Fv2%2Fcomments&post=20932"}],"version-history":[{"count":4,"href":"https:\/\/www.yungayino.cl\/noticias\/index.php?rest_route=\/wp\/v2\/posts\/20932\/revisions"}],"predecessor-version":[{"id":20937,"href":"https:\/\/www.yungayino.cl\/noticias\/index.php?rest_route=\/wp\/v2\/posts\/20932\/revisions\/20937"}],"wp:featuredmedia":[{"embeddable":true,"href":"https:\/\/www.yungayino.cl\/noticias\/index.php?rest_route=\/wp\/v2\/media\/20933"}],"wp:attachment":[{"href":"https:\/\/www.yungayino.cl\/noticias\/index.php?rest_route=%2Fwp%2Fv2%2Fmedia&parent=20932"}],"wp:term":[{"taxonomy":"category","embeddable":true,"href":"https:\/\/www.yungayino.cl\/noticias\/index.php?rest_route=%2Fwp%2Fv2%2Fcategories&post=20932"},{"taxonomy":"post_tag","embeddable":true,"href":"https:\/\/www.yungayino.cl\/noticias\/index.php?rest_route=%2Fwp%2Fv2%2Ftags&post=20932"}],"curies":[{"name":"wp","href":"https:\/\/api.w.org\/{rel}","templated":true}]}}