{"id":20939,"date":"2019-06-24T09:00:04","date_gmt":"2019-06-24T12:00:04","guid":{"rendered":"http:\/\/www.yungayino.cl\/noticias\/?p=20939"},"modified":"2019-06-24T13:18:53","modified_gmt":"2019-06-24T16:18:53","slug":"ceremonia-certificacion-de-guias-turisticos-en-yungay","status":"publish","type":"post","link":"https:\/\/www.yungayino.cl\/noticias\/?p=20939","title":{"rendered":"Ceremonia Certificaci\u00f3n de Gu\u00edas Tur\u00edsticos en Yungay"},"content":{"rendered":"<p><img loading=\"lazy\" decoding=\"async\" class=\"alignnone size-full wp-image-20940\" src=\"http:\/\/www.yungayino.cl\/noticias\/wp-content\/uploads\/2019\/06\/guias_turisticos_yungay_2019.jpg\" alt=\"\" width=\"700\" height=\"350\" srcset=\"https:\/\/www.yungayino.cl\/noticias\/wp-content\/uploads\/2019\/06\/guias_turisticos_yungay_2019.jpg 700w, https:\/\/www.yungayino.cl\/noticias\/wp-content\/uploads\/2019\/06\/guias_turisticos_yungay_2019-300x150.jpg 300w\" sizes=\"auto, (max-width: 700px) 100vw, 700px\" \/><\/p>\n<p style=\"text-align: justify;\">Yungay, lunes 24 de junio 2019: En una sencilla, pero significativa ceremonia realizada en las dependencias de la Biblioteca Municipal Oreste Montero el pasado viernes 21 de junio un grupo de 20 emprendedores recibieron su certificado que los acredita como nuevos Gu\u00edas Tur\u00edsticos del Sector Santa Lucia Bajo. Se\u00f1alar que desde el mes de febrero a la fecha, se capacitaron durante todos los d\u00edas s\u00e1bados en el marco del avance del Plan de Desarrollo Tur\u00edstico (Pladetur), encabezado por la Peque\u00f1a Central de Pasada El Pinar, en conjunto con la Agrupaci\u00f3n de Desarrollo de Turismo Rural (ADETUR) y Chile Consultor.<\/p>\n<p style=\"text-align: justify;\"><iframe loading=\"lazy\" style=\"border: none; overflow: hidden;\" src=\"https:\/\/www.facebook.com\/plugins\/post.php?href=https:\/\/www.facebook.com\/yungayino.cl\/posts\/2698387640176258?__xts__%5B0%5D=68.ARDpNqmYfcH4dv2bEo1_cKlsJtMSP0tR5KbX2EB3xKg69H04pi7oIHLgr6NNNRYJvaswVgMiLPkTY2pSUPkGa0yfy5bDvwtNgX3512pM3SsmKKCyheMaM6_6IwpRKWn0Mu6J-005BzsPVE54p_udV7BCPurJgSOQpkyOi3ivmXOt_4YBMbbYikamfTfh7qAxxgPdakb8RhUFga_HFvLMl5yn-UtcTOg0QoIHxWnCqRPJbGgLJ2xZJXzfj0WfGeTXVSwYexWLB74NXhm0dLB1Qn0Pv1aGXAZ-z344oEI0Ex2tlSk83XyAydxne4fNXJSrPmhr4ndzOJEhgdRUshbH-31kudbce5njzs4dSvTCvKMQY2BndO0rsRIsb3VR-Lp10rlyIGkFuiZHm37faO8cc482XsYIQ7NZTvpgQsfZUx6aR21r-YhsYhQjRegeiGbqsx99sNOgREA5khxeolvg&amp;__tn__=-R&amp;l=a77e327dc6&amp;l=f5951f1994&amp;l=bfecbb8adf&amp;l=687b6bf5da&amp;width=500&amp;show_text=true&amp;height=691&amp;appId\" width=\"500\" height=\"691\" frameborder=\"0\" scrolling=\"no\"><\/iframe><\/p>\n<p style=\"text-align: justify;\">La ceremonia estuvo encabezada por el alcalde Sr. Rafael Cifuentes, el Seremi de Econom\u00eda Sr. Roger Andr\u00e9s Cisterna, el Jefe de \u00c1rea de Indap -Yungay Sr. Aldo Sandoval, la Jefa del Departamento de Desarrollo Comunitario (DIDECO) Sra. Pamela Jelves Acu\u00f1a, los Concejales Sr. Juan Quezada, Sra. Patricia Moncada, Sra. Juana Sandoval, Sra. Ang\u00e9lica Cabezas y Sr. Ricardo Ramos, adem\u00e1s de la Coordinadora \u00c1rea Social y Comunidades El Pinar Srta. Claudia Rojas.<\/p>\n<p style=\"text-align: justify;\">El Seremi de Econom\u00eda, Sr. Roger Andr\u00e9s Cisterna se\u00f1alo al Equipo del Portal Yungayino.cl, que Yungay lo ha sorprendido este \u00faltimo tiempo, ya que lo ha impresionado la capacidad de gesti\u00f3n que han tenido y por sobre todo en un sector tan alejado como Santa Luc\u00eda Bajo, es por eso que junto a Sernatur y representando al Ministerio de Econom\u00eda y al Gobierno del\u00a0 Presidente Sebasti\u00e1n Pi\u00f1era, es que se quisieron hacer presente y dar una se\u00f1al de apoyo a la gesti\u00f3n tur\u00edsticas, sabemos de la importancia que tiene este rubro no solo para le regi\u00f3n si no que para el pa\u00eds y dentro de las estrategias de crecimiento econ\u00f3mico para \u00d1uble est\u00e1 incluido el turismo, es por eso que todos los servicios p\u00fablicos est\u00e1n tratando de articularse con el mundo privado, apoyo necesario para generar las condiciones y as\u00ed el d\u00eda de ma\u00f1ana poder recibir de mejor manera a nuestros visitantes tur\u00edsticos.<\/p>\n<p style=\"text-align: justify;\">Por su parte Sr. Rafael Cifuentes, alcalde de Yungay junto con felicitar a los nuevos Gu\u00edas Tur\u00edsticos y a la Agrupaci\u00f3n de Desarrollo de Turismo Rural (ADETUR) destac\u00f3 que esto es un gran avance para la comuna, tambi\u00e9n destac\u00f3 el apoyo como alianza con la empresa\u00a0 privada para llevar a cabo estos logros, la cual es fundamental para hacer grandes cosas, finalmente reiter\u00f3 sus felicitaciones a los nuevos gu\u00edas tur\u00edsticos de Yungay.<\/p>\n<p style=\"text-align: justify;\">[su_button url=\u00bbhttps:\/\/www.facebook.com\/pg\/yungayino.cl\/photos\/?tab=album&amp;album_id=2698383766843312&#8243; target=\u00bbblank\u00bb size=\u00bb7&#8243; radius=\u00bbround\u00bb icon=\u00bbicon: facebook-square\u00bb]\u00a0FOTOGRAF\u00cdAS &#8211; Ceremonia Certificaci\u00f3n de Gu\u00edas Tur\u00edsticos en Yungay[\/su_button]<\/p>\n","protected":false},"excerpt":{"rendered":"<p>Yungay, lunes 24 de junio 2019: En una sencilla, pero significativa ceremonia realizada en las dependencias de la Biblioteca Municipal Oreste Montero el pasado viernes 21 de junio un grupo de 20 emprendedores recibieron&#46;&#46;&#46;<\/p>\n","protected":false},"author":2,"featured_media":20940,"comment_status":"closed","ping_status":"open","sticky":false,"template":"","format":"standard","meta":{"footnotes":""},"categories":[1],"tags":[2024,2023,1115,1356,302,8,6,117],"class_list":["post-20939","post","type-post","status-publish","format-standard","has-post-thumbnail","hentry","category-noticias","tag-adetur","tag-guias-turisticos","tag-noticias","tag-pladetur","tag-santa-lucia-bajo","tag-yungay","tag-yungayino","tag-yungayinocl"],"_links":{"self":[{"href":"https:\/\/www.yungayino.cl\/noticias\/index.php?rest_route=\/wp\/v2\/posts\/20939","targetHints":{"allow":["GET"]}}],"collection":[{"href":"https:\/\/www.yungayino.cl\/noticias\/index.php?rest_route=\/wp\/v2\/posts"}],"about":[{"href":"https:\/\/www.yungayino.cl\/noticias\/index.php?rest_route=\/wp\/v2\/types\/post"}],"author":[{"embeddable":true,"href":"https:\/\/www.yungayino.cl\/noticias\/index.php?rest_route=\/wp\/v2\/users\/2"}],"replies":[{"embeddable":true,"href":"https:\/\/www.yungayino.cl\/noticias\/index.php?rest_route=%2Fwp%2Fv2%2Fcomments&post=20939"}],"version-history":[{"count":4,"href":"https:\/\/www.yungayino.cl\/noticias\/index.php?rest_route=\/wp\/v2\/posts\/20939\/revisions"}],"predecessor-version":[{"id":20944,"href":"https:\/\/www.yungayino.cl\/noticias\/index.php?rest_route=\/wp\/v2\/posts\/20939\/revisions\/20944"}],"wp:featuredmedia":[{"embeddable":true,"href":"https:\/\/www.yungayino.cl\/noticias\/index.php?rest_route=\/wp\/v2\/media\/20940"}],"wp:attachment":[{"href":"https:\/\/www.yungayino.cl\/noticias\/index.php?rest_route=%2Fwp%2Fv2%2Fmedia&parent=20939"}],"wp:term":[{"taxonomy":"category","embeddable":true,"href":"https:\/\/www.yungayino.cl\/noticias\/index.php?rest_route=%2Fwp%2Fv2%2Fcategories&post=20939"},{"taxonomy":"post_tag","embeddable":true,"href":"https:\/\/www.yungayino.cl\/noticias\/index.php?rest_route=%2Fwp%2Fv2%2Ftags&post=20939"}],"curies":[{"name":"wp","href":"https:\/\/api.w.org\/{rel}","templated":true}]}}