{"id":20948,"date":"2019-06-28T15:00:39","date_gmt":"2019-06-28T18:00:39","guid":{"rendered":"http:\/\/www.yungayino.cl\/noticias\/?p=20948"},"modified":"2019-06-28T16:45:32","modified_gmt":"2019-06-28T19:45:32","slug":"municipalidad-de-yungay-destaca-a-amir-fahfouhi-estudiante-que-participara-de-concurso-nacional","status":"publish","type":"post","link":"https:\/\/www.yungayino.cl\/noticias\/?p=20948","title":{"rendered":"Municipalidad de Yungay Destaca a Amir Fahfouhi, Estudiante que Participar\u00e1 de Concurso Nacional"},"content":{"rendered":"<p><img loading=\"lazy\" decoding=\"async\" class=\"alignnone size-full wp-image-20949\" src=\"http:\/\/www.yungayino.cl\/noticias\/wp-content\/uploads\/2019\/06\/3.jpg\" alt=\"\" width=\"700\" height=\"350\" srcset=\"https:\/\/www.yungayino.cl\/noticias\/wp-content\/uploads\/2019\/06\/3.jpg 700w, https:\/\/www.yungayino.cl\/noticias\/wp-content\/uploads\/2019\/06\/3-300x150.jpg 300w\" sizes=\"auto, (max-width: 700px) 100vw, 700px\" \/><\/p>\n<p style=\"margin: 0cm 0cm 0.0001pt; background: white; text-align: justify;\"><span style=\"font-size: 13.0pt; font-family: 'Arial','sans-serif'; color: #1d2129;\">Yungay, viernes 28 de julio 2019: Directora de Desarrollo Comunitario, Sra. Pamela Jelves Acu\u00f1a, en representaci\u00f3n del alcalde, Sr. Rafael Cifuentes Rodr\u00edguez, se reuni\u00f3 esta ma\u00f1ana con Amir Fahfouhi Zapata, estudiante de tercero b\u00e1sico del colegio Nueva Esperanza, finalista del concurso nacional \u201cEl Placer de o\u00edr leer\u201d.<\/span><\/p>\n<p style=\"margin: 0cm 0cm 0.0001pt; background: white; text-align: justify;\"><span style=\"font-size: 13.0pt; font-family: 'Arial','sans-serif'; color: #1d2129;\">\u00a0<\/span><\/p>\n<p style=\"margin: 0cm 0cm 0.0001pt; background: white; text-align: justify;\"><span style=\"font-size: 13.0pt; font-family: 'Arial','sans-serif'; color: #1d2129;\"><iframe loading=\"lazy\" src=\"https:\/\/www.facebook.com\/plugins\/post.php?href=https:\/\/www.facebook.com\/yungayino.cl\/posts\/2706181296063559?__xts__%5B0%5D=68.ARD0nuORA8_-m2EKnZpkhNFgZ9qgheynmjesKiyYHOShLfvfFZRih5Lx5TD7AdrEaBebUvOyfLMSiBdQ3i_sxdu7iR2T2h3PblCGpYsUn7cDS9mBaHfNKffHhtyD0FbZc4Wum_l5N-Utrr778F4lO28vdfYnlnj83h3bRde6FWbj7g_lXTSe6spPILi26yC6JvEcJZUbt2VzYlKkeIpM8YisJ6momcQY4cu0Ddao-Kx60LjaTYaW3kvdWs4zFEjBtjqaPnsuL2H7PbzL5yN187BnD5joey0ZvWZp9nHcF0tPjfS_HfdX77khCdYZfuZbXd-EFASKttZGbBOqglvkAaqapDABdD0eOUVa9zwQFq6NseCvdtudIKD4yG4lEYMcbA7M6pMlMU-hZYTnaME0w8Cfh6ApR0wgjkOHMcfuSGK6FZ0M6ek7_m-WgWYWe3iobApJ1zIPJITPJRgFh9tg&#038;__tn__=-R&#038;l=a77e327dc6&#038;l=f5951f1994&#038;l=bfecbb8adf&#038;l=687b6bf5da&#038;width=500&#038;show_text=true&#038;height=691&#038;appId\" width=\"500\" height=\"691\" style=\"border:none;overflow:hidden\" scrolling=\"no\" frameborder=\"0\" allowTransparency=\"true\"><\/iframe><br \/>\n<\/span><\/p>\n<p style=\"margin: 0cm 0cm 0.0001pt; background: white; font-variant-ligatures: normal; font-variant-caps: normal; orphans: 2; text-align: justify; widows: 2; -webkit-text-stroke-width: 0px; text-decoration-style: initial; text-decoration-color: initial; word-spacing: 0px;\"><span style=\"font-size: 13.0pt; font-family: 'Arial','sans-serif'; color: #1d2129;\"><span style=\"background-size: contain; color: transparent; display: inline-block;\">\u00a0<\/span><\/span><\/p>\n<p style=\"margin: 0cm 0cm 0.0001pt; background: white; text-align: justify;\"><span style=\"font-size: 13.0pt; font-family: 'Arial','sans-serif'; color: #1d2129;\">En la oportunidad, se hizo entrega de un aporte de parte del municipio al estudiante y su mam\u00e1, quienes viajar\u00e1n a Santiago, el pr\u00f3ximo martes 2 de julio, donde Amir representar\u00e1 a Yungay y a toda la Regi<span class=\"textexposedshow\">\u00f3n de \u00d1uble en este importante concurso \u201cEl Placer de o\u00edr leer\u201d, en el que participar\u00e1n 10 seleccionados a nivel nacional.\u00a0<\/span><\/span><\/p>\n<p style=\"margin: 0cm 0cm 0.0001pt; background: white; text-align: justify;\"><span class=\"textexposedshow\"><span style=\"font-size: 13.0pt; font-family: 'Arial','sans-serif'; color: #1d2129;\">\u00a0<\/span><\/span><\/p>\n<p style=\"margin: 0cm 0cm 0.0001pt; background: white; text-align: justify;\"><span class=\"textexposedshow\"><span style=\"font-size: 13.0pt; font-family: 'Arial','sans-serif'; color: #1d2129;\">Este concurso, organizado por la Fundaci\u00f3n \u201cYo Te Leo\u201d, corresponde a una convocatoria de lectura en voz alta para ni\u00f1os de 3\u00b0 a 6\u00b0 B\u00e1sico.<\/span><\/span><\/p>\n<p style=\"margin: 0cm 0cm 0.0001pt; background: white; text-align: justify;\"><span class=\"textexposedshow\"><span style=\"font-size: 13.0pt; font-family: 'Arial','sans-serif'; color: #1d2129;\">\u00a0<\/span><\/span><\/p>\n<p style=\"margin: 0cm 0cm 0.0001pt; background: white; text-align: justify;\"><span class=\"textexposedshow\"><span style=\"font-size: 13.0pt; font-family: 'Arial','sans-serif'; color: #1d2129;\">\u201cPara nosotros es muy importante estar presentes respaldando a nuestros talentos yungayinos en todas las \u00e1reas. Por eso, le deseamos el mayor de los \u00e9xitos a Amir, quien cuenta con todo el apoyo del municipio y del alcalde para que siga desarrollando su talento literario\u201d, se\u00f1al\u00f3 la directora de Desarrollo Comunitario (DIDECO).<\/span><\/span><\/p>\n<p style=\"margin: 0cm 0cm 0.0001pt; background: white; text-align: justify;\"><span style=\"font-size: 13.0pt; font-family: 'Arial','sans-serif'; color: #1d2129;\">\u00a0<\/span><\/p>\n<p style=\"margin: 0cm 0cm 0.0001pt; background: white; text-align: justify;\">[su_button url=\u00bbhttps:\/\/www.facebook.com\/pg\/yungayino.cl\/photos\/?tab=album&amp;album_id=2706181176063571&#8243; target=\u00bbblank\u00bb size=\u00bb7&#8243; radius=\u00bbround\u00bb icon=\u00bbicon: facebook-square\u00bb]FOTOGRAF\u00cdAS \u2013 Municipalidad de Yungay Destaca a Amir Fahfouhi, Estudiante que Participar\u00e1 de Concurso Nacional[\/su_button]<\/p>\n<p style=\"text-align: justify;\">\n","protected":false},"excerpt":{"rendered":"<p>Yungay, viernes 28 de julio 2019: Directora de Desarrollo Comunitario, Sra. Pamela Jelves Acu\u00f1a, en representaci\u00f3n del alcalde, Sr. Rafael Cifuentes Rodr\u00edguez, se reuni\u00f3 esta ma\u00f1ana con Amir Fahfouhi Zapata, estudiante de tercero b\u00e1sico&#46;&#46;&#46;<\/p>\n","protected":false},"author":2,"featured_media":20949,"comment_status":"closed","ping_status":"open","sticky":false,"template":"","format":"standard","meta":{"footnotes":""},"categories":[1],"tags":[320,2026,1115,2025,8,6,117],"class_list":["post-20948","post","type-post","status-publish","format-standard","has-post-thumbnail","hentry","category-noticias","tag-colegio-nueva-esperanza","tag-el-placer-de-oir-leer","tag-noticias","tag-yo-te-leo","tag-yungay","tag-yungayino","tag-yungayinocl"],"_links":{"self":[{"href":"https:\/\/www.yungayino.cl\/noticias\/index.php?rest_route=\/wp\/v2\/posts\/20948","targetHints":{"allow":["GET"]}}],"collection":[{"href":"https:\/\/www.yungayino.cl\/noticias\/index.php?rest_route=\/wp\/v2\/posts"}],"about":[{"href":"https:\/\/www.yungayino.cl\/noticias\/index.php?rest_route=\/wp\/v2\/types\/post"}],"author":[{"embeddable":true,"href":"https:\/\/www.yungayino.cl\/noticias\/index.php?rest_route=\/wp\/v2\/users\/2"}],"replies":[{"embeddable":true,"href":"https:\/\/www.yungayino.cl\/noticias\/index.php?rest_route=%2Fwp%2Fv2%2Fcomments&post=20948"}],"version-history":[{"count":2,"href":"https:\/\/www.yungayino.cl\/noticias\/index.php?rest_route=\/wp\/v2\/posts\/20948\/revisions"}],"predecessor-version":[{"id":20951,"href":"https:\/\/www.yungayino.cl\/noticias\/index.php?rest_route=\/wp\/v2\/posts\/20948\/revisions\/20951"}],"wp:featuredmedia":[{"embeddable":true,"href":"https:\/\/www.yungayino.cl\/noticias\/index.php?rest_route=\/wp\/v2\/media\/20949"}],"wp:attachment":[{"href":"https:\/\/www.yungayino.cl\/noticias\/index.php?rest_route=%2Fwp%2Fv2%2Fmedia&parent=20948"}],"wp:term":[{"taxonomy":"category","embeddable":true,"href":"https:\/\/www.yungayino.cl\/noticias\/index.php?rest_route=%2Fwp%2Fv2%2Fcategories&post=20948"},{"taxonomy":"post_tag","embeddable":true,"href":"https:\/\/www.yungayino.cl\/noticias\/index.php?rest_route=%2Fwp%2Fv2%2Ftags&post=20948"}],"curies":[{"name":"wp","href":"https:\/\/api.w.org\/{rel}","templated":true}]}}