{"id":20952,"date":"2019-06-28T17:00:55","date_gmt":"2019-06-28T20:00:55","guid":{"rendered":"http:\/\/www.yungayino.cl\/noticias\/?p=20952"},"modified":"2019-06-28T17:15:05","modified_gmt":"2019-06-28T20:15:05","slug":"municipio-de-yungay-realiza-charla-sobre-el-buen-trato-a-las-personas-mayores","status":"publish","type":"post","link":"https:\/\/www.yungayino.cl\/noticias\/?p=20952","title":{"rendered":"Municipio de Yungay Realiza Charla Sobre el Buen Trato a las Personas Mayores"},"content":{"rendered":"<p><img loading=\"lazy\" decoding=\"async\" class=\"alignnone size-full wp-image-20953\" src=\"http:\/\/www.yungayino.cl\/noticias\/wp-content\/uploads\/2019\/06\/7.jpg\" alt=\"\" width=\"700\" height=\"378\" srcset=\"https:\/\/www.yungayino.cl\/noticias\/wp-content\/uploads\/2019\/06\/7.jpg 700w, https:\/\/www.yungayino.cl\/noticias\/wp-content\/uploads\/2019\/06\/7-300x162.jpg 300w, https:\/\/www.yungayino.cl\/noticias\/wp-content\/uploads\/2019\/06\/7-278x150.jpg 278w\" sizes=\"auto, (max-width: 700px) 100vw, 700px\" \/><\/p>\n<p style=\"margin: 0cm 0cm 0.0001pt; background: white; text-align: justify;\"><span class=\"6qdm\"><span style=\"font-size: 13.0pt; font-family: 'Arial','sans-serif'; color: #1c1e21;\">Yungay, junio 2019: M<\/span><\/span><span style=\"font-size: 13.0pt; font-family: 'Arial','sans-serif'; color: #1c1e21;\">unicipio de Yungay ha mantenido un compromiso y un v\u00ednculo permanente con todos los adultos mayores de la comuna a trav\u00e9s de las 34 organizaciones de personas mayores existentes en Yungay, quienes pertenecen a los programas Familias y V\u00ednculos y con todas las personas mayores de 60 a\u00f1os a quienes buscan llegar a trav\u00e9s de distintas iniciativas que se desarrollan durante el a\u00f1o.<\/span><\/p>\n<p style=\"margin: 0cm 0cm 0.0001pt; background: white; text-align: justify;\"><span style=\"font-size: 13.0pt; font-family: 'Arial','sans-serif'; color: #1c1e21;\">\u00a0<\/span><\/p>\n<p style=\"margin: 0cm 0cm 0.0001pt; background: white; text-align: justify;\"><span style=\"font-size: 13.0pt; font-family: 'Arial','sans-serif'; color: #1c1e21;\"><iframe loading=\"lazy\" style=\"border: none; overflow: hidden;\" src=\"https:\/\/www.facebook.com\/plugins\/post.php?href=https:\/\/www.facebook.com\/yungayino.cl\/posts\/2706237316057957?__xts__%5B0%5D=68.ARDbEqoXPN_yw_uzOOOK9qAK0fVlbNIJF8yU2iDAzjyTfCw1q5w5laeGiyPnIO-ftPA9iw7lLnBzwRpl67diSoIEhjWcw5pTO-fV902acPR82AsfG0PZ1t7V_8Fj6BU620IMwDrHhCJ5F1Q8FkE2_RIKIQ2O_RY8XviT6osFD1QYbRqNjXqcw3sw9bXVaSqQycxuXY9JL6LCxzDKmM1j4VqECuRzasrQj3VQ0OaOmr79kFLIsPeh6ilj1h_wXU8XkrNJcO33i_A28ECeFJXtdkFVCSWEZNKu_3-mkC8ZB62aGtthhyY54hpWN1s8nF0xxoCujATVLhPR_vB6yudZAfzBslAX1Xb2jN8_zXEGa_cRxQSyInoHzt2zqT2gPDyBa7v7IA7cdyt_zBDlXU6cY9SCjDb5xMf2xYiQqvuoPbbxsRDacrvy26CjinbgX_dmfAAGi5_wb0t3MX8AAEbS&amp;__tn__=-R&amp;l=a77e327dc6&amp;l=f5951f1994&amp;l=bfecbb8adf&amp;l=687b6bf5da&amp;width=500&amp;show_text=true&amp;height=691&amp;appId\" width=\"500\" height=\"691\" frameborder=\"0\" scrolling=\"no\"><\/iframe><br \/>\n<\/span><\/p>\n<p style=\"margin: 0cm 0cm 0.0001pt; background: white; text-align: justify;\"><span style=\"font-size: 13.0pt; font-family: 'Arial','sans-serif'; color: #1c1e21;\">\u00a0<\/span><\/p>\n<p style=\"background: white; font-variant-ligatures: normal; font-variant-caps: normal; orphans: 2; text-align: justify; widows: 2; -webkit-text-stroke-width: 0px; text-decoration-style: initial; text-decoration-color: initial; word-spacing: 0px; margin: 4.5pt 0cm;\"><span style=\"font-size: 13.0pt; font-family: 'Arial','sans-serif'; color: #1c1e21;\">De la mano con es<span class=\"textexposedshow\">te compromiso, y en el MES del Buen Trato hacia las Personas Mayores, a trav\u00e9s de la oficina del adulto mayor de la Direcci\u00f3n de Desarrollo Comunitario, se realiz\u00f3 una charla con el objetivo de informar a la comunidad respecto de los temas que son atingentes al buen trato hacia las personas mayores.<\/span><\/span><\/p>\n<p style=\"background: white; margin: 0cm 0cm 4.5pt; text-align: justify;\"><span style=\"font-size: 13.0pt; font-family: 'Arial','sans-serif'; color: #1c1e21;\">La charla fue dictada por las se\u00f1oritas Mar\u00eda Virginia G\u00f3mez y Lorena Sandoval Mundaca del Servicio Nacional del Adulto Mayor \u00d1uble.<\/span><\/p>\n<p style=\"background: white; margin: 0cm 0cm 4.5pt; text-align: justify;\"><span style=\"font-size: 13.0pt; font-family: 'Arial','sans-serif'; color: #1c1e21;\">\u00a0<\/span><\/p>\n<p style=\"margin: 0cm 0cm 0.0001pt; background: white; text-align: justify;\">[su_button url=\u00bbhttps:\/\/www.facebook.com\/pg\/yungayino.cl\/photos\/?tab=album&amp;album_id=2706237159391306&#8243; target=\u00bbblank\u00bb size=\u00bb7&#8243; radius=\u00bbround\u00bb icon=\u00bbicon: facebook-square\u00bb]FOTOGRAF\u00cdAS &#8211; Municipio de Yungay Realiza Charla Sobre el Buen Trato a las Personas Mayores\u00a0[\/su_button]<\/p>\n","protected":false},"excerpt":{"rendered":"<p>Yungay, junio 2019: Municipio de Yungay ha mantenido un compromiso y un v\u00ednculo permanente con todos los adultos mayores de la comuna a trav\u00e9s de las 34 organizaciones de personas mayores existentes en Yungay,&#46;&#46;&#46;<\/p>\n","protected":false},"author":2,"featured_media":20953,"comment_status":"closed","ping_status":"open","sticky":false,"template":"","format":"standard","meta":{"footnotes":""},"categories":[1],"tags":[57,1115,8,6,117],"class_list":["post-20952","post","type-post","status-publish","format-standard","has-post-thumbnail","hentry","category-noticias","tag-adultos-mayores","tag-noticias","tag-yungay","tag-yungayino","tag-yungayinocl"],"_links":{"self":[{"href":"https:\/\/www.yungayino.cl\/noticias\/index.php?rest_route=\/wp\/v2\/posts\/20952","targetHints":{"allow":["GET"]}}],"collection":[{"href":"https:\/\/www.yungayino.cl\/noticias\/index.php?rest_route=\/wp\/v2\/posts"}],"about":[{"href":"https:\/\/www.yungayino.cl\/noticias\/index.php?rest_route=\/wp\/v2\/types\/post"}],"author":[{"embeddable":true,"href":"https:\/\/www.yungayino.cl\/noticias\/index.php?rest_route=\/wp\/v2\/users\/2"}],"replies":[{"embeddable":true,"href":"https:\/\/www.yungayino.cl\/noticias\/index.php?rest_route=%2Fwp%2Fv2%2Fcomments&post=20952"}],"version-history":[{"count":3,"href":"https:\/\/www.yungayino.cl\/noticias\/index.php?rest_route=\/wp\/v2\/posts\/20952\/revisions"}],"predecessor-version":[{"id":20956,"href":"https:\/\/www.yungayino.cl\/noticias\/index.php?rest_route=\/wp\/v2\/posts\/20952\/revisions\/20956"}],"wp:featuredmedia":[{"embeddable":true,"href":"https:\/\/www.yungayino.cl\/noticias\/index.php?rest_route=\/wp\/v2\/media\/20953"}],"wp:attachment":[{"href":"https:\/\/www.yungayino.cl\/noticias\/index.php?rest_route=%2Fwp%2Fv2%2Fmedia&parent=20952"}],"wp:term":[{"taxonomy":"category","embeddable":true,"href":"https:\/\/www.yungayino.cl\/noticias\/index.php?rest_route=%2Fwp%2Fv2%2Fcategories&post=20952"},{"taxonomy":"post_tag","embeddable":true,"href":"https:\/\/www.yungayino.cl\/noticias\/index.php?rest_route=%2Fwp%2Fv2%2Ftags&post=20952"}],"curies":[{"name":"wp","href":"https:\/\/api.w.org\/{rel}","templated":true}]}}