{"id":20964,"date":"2019-06-30T23:00:11","date_gmt":"2019-07-01T02:00:11","guid":{"rendered":"http:\/\/www.yungayino.cl\/noticias\/?p=20964"},"modified":"2019-07-01T10:11:01","modified_gmt":"2019-07-01T13:11:01","slug":"biblioteca-de-yungay-celebro-tradicional-noche-de-san-juan","status":"publish","type":"post","link":"https:\/\/www.yungayino.cl\/noticias\/?p=20964","title":{"rendered":"Biblioteca de Yungay Celebr\u00f3 Tradicional \u201cNoche de San Juan\u201d"},"content":{"rendered":"<p><img loading=\"lazy\" decoding=\"async\" class=\"alignnone size-full wp-image-20965\" src=\"http:\/\/www.yungayino.cl\/noticias\/wp-content\/uploads\/2019\/07\/san_juan_biblioteca_2019.jpg\" alt=\"\" width=\"700\" height=\"350\" srcset=\"https:\/\/www.yungayino.cl\/noticias\/wp-content\/uploads\/2019\/07\/san_juan_biblioteca_2019.jpg 700w, https:\/\/www.yungayino.cl\/noticias\/wp-content\/uploads\/2019\/07\/san_juan_biblioteca_2019-300x150.jpg 300w\" sizes=\"auto, (max-width: 700px) 100vw, 700px\" \/><\/p>\n<p style=\"text-align: justify;\">Yungay, junio 2019: Como ya es tradicional la Biblioteca P\u00fablica de Yungay celebr\u00f3 la \u201cNoche de San Juan\u201d, la cual es conocida como la noche \u00abm\u00e1s larga del a\u00f1o\u00bb, pero sin duda son sus rituales y tradicionales pruebas lo que la hacen m\u00e1s que especial.<\/p>\n<p style=\"text-align: justify;\"><iframe loading=\"lazy\" style=\"border: none; overflow: hidden;\" src=\"https:\/\/www.facebook.com\/plugins\/post.php?href=https:\/\/www.facebook.com\/yungayino.cl\/posts\/2711227302225625?__xts__%5B0%5D=68.ARDI4LcUSPmJ78CPpsYSsejvKyjzHd4ObMS_tiGN-H844HeCfUBoW7okSxu7m4e_aFZyFZWs0DFOpQDn5usRODoPBUJWU2sW2KhkXj53UXFaptxBngcMCenDf_8yv0IAkKuyoZDKI5onum2nNXpYpS0ugCODFcEbl9F6q7qlP8KW_6So0wQnyzQmKX4m7nYkkZyOe3jNqaV7e-Kas58BdXhidV64pS9r79zG2fAcLI82nl2aEX5A-fC_Z_rtWS1x68tCUsrclyShg6jGTs67ToZ23X8E-3OnuKKa6BikJmwqRkPZrIkuhFNA76xodK3b1o3ex2dMzK9FszaGq3Wh1Lymv25KBr-mB-vl-hjwvZr1Wv4DrX106RYaZ-PZWngAUFTq4HcSvftMy53dROW_s-7hJKIGnakXv3YJr7qWlqcrhIu6kvUjutqU5RYQobH7PELMOlTO4NSWrvEUnsT-&amp;__tn__=-R&amp;l=a77e327dc6&amp;l=f5951f1994&amp;l=bfecbb8adf&amp;l=687b6bf5da&amp;width=500&amp;show_text=true&amp;height=691&amp;appId\" width=\"500\" height=\"691\" frameborder=\"0\" scrolling=\"no\"><\/iframe><\/p>\n<p style=\"text-align: justify;\">Destacar a todo el Equipo de la Biblioteca, quienes se preocuparon para que el local estuviera muy bien decorado para la ocasi\u00f3n, adem\u00e1s destacar la muy buena asistencia de p\u00fablico, quienes llegaron acompa\u00f1ado de su mate para disfrutar una entretenida jornada que ya es tradicional en nuestra comuna.<\/p>\n<p style=\"text-align: justify;\">Finalmente se\u00f1alar que la actividad cont\u00f3 con la participaci\u00f3n de \u00abLos Cuatreros del Folclor\u201d y \u00abLos Halcones Negros\u00bb adem\u00e1s de la presentaci\u00f3n de la obra de teatro \u00abLa Verdadera Historia de Pedro Urdemales\u00bb.<\/p>\n<p style=\"text-align: justify;\">(Fotograf\u00edas: Biblioteca Yungay)<\/p>\n<p style=\"text-align: justify;\">[su_button url=\u00bbhttps:\/\/www.facebook.com\/pg\/yungayino.cl\/photos\/?tab=album&amp;album_id=2711226988892323&#8243; target=\u00bbblank\u00bb size=\u00bb7&#8243; radius=\u00bbround\u00bb icon=\u00bbicon: facebook-square\u00bb]FOTOGRAF\u00cdAS &#8211; Biblioteca de Yungay Celebr\u00f3 Tradicional \u201cNoche de San Juan\u201d[\/su_button]<\/p>\n","protected":false},"excerpt":{"rendered":"<p>Yungay, junio 2019: Como ya es tradicional la Biblioteca P\u00fablica de Yungay celebr\u00f3 la \u201cNoche de San Juan\u201d, la cual es conocida como la noche \u00abm\u00e1s larga del a\u00f1o\u00bb, pero sin duda son sus&#46;&#46;&#46;<\/p>\n","protected":false},"author":2,"featured_media":20965,"comment_status":"closed","ping_status":"open","sticky":false,"template":"","format":"standard","meta":{"footnotes":""},"categories":[1],"tags":[453,1115,2027,8,6,117],"class_list":["post-20964","post","type-post","status-publish","format-standard","has-post-thumbnail","hentry","category-noticias","tag-biblioteca-yungay","tag-noticias","tag-san-juan","tag-yungay","tag-yungayino","tag-yungayinocl"],"_links":{"self":[{"href":"https:\/\/www.yungayino.cl\/noticias\/index.php?rest_route=\/wp\/v2\/posts\/20964","targetHints":{"allow":["GET"]}}],"collection":[{"href":"https:\/\/www.yungayino.cl\/noticias\/index.php?rest_route=\/wp\/v2\/posts"}],"about":[{"href":"https:\/\/www.yungayino.cl\/noticias\/index.php?rest_route=\/wp\/v2\/types\/post"}],"author":[{"embeddable":true,"href":"https:\/\/www.yungayino.cl\/noticias\/index.php?rest_route=\/wp\/v2\/users\/2"}],"replies":[{"embeddable":true,"href":"https:\/\/www.yungayino.cl\/noticias\/index.php?rest_route=%2Fwp%2Fv2%2Fcomments&post=20964"}],"version-history":[{"count":4,"href":"https:\/\/www.yungayino.cl\/noticias\/index.php?rest_route=\/wp\/v2\/posts\/20964\/revisions"}],"predecessor-version":[{"id":20969,"href":"https:\/\/www.yungayino.cl\/noticias\/index.php?rest_route=\/wp\/v2\/posts\/20964\/revisions\/20969"}],"wp:featuredmedia":[{"embeddable":true,"href":"https:\/\/www.yungayino.cl\/noticias\/index.php?rest_route=\/wp\/v2\/media\/20965"}],"wp:attachment":[{"href":"https:\/\/www.yungayino.cl\/noticias\/index.php?rest_route=%2Fwp%2Fv2%2Fmedia&parent=20964"}],"wp:term":[{"taxonomy":"category","embeddable":true,"href":"https:\/\/www.yungayino.cl\/noticias\/index.php?rest_route=%2Fwp%2Fv2%2Fcategories&post=20964"},{"taxonomy":"post_tag","embeddable":true,"href":"https:\/\/www.yungayino.cl\/noticias\/index.php?rest_route=%2Fwp%2Fv2%2Ftags&post=20964"}],"curies":[{"name":"wp","href":"https:\/\/api.w.org\/{rel}","templated":true}]}}