{"id":20978,"date":"2019-07-05T16:00:13","date_gmt":"2019-07-05T19:00:13","guid":{"rendered":"http:\/\/www.yungayino.cl\/noticias\/?p=20978"},"modified":"2019-07-05T17:56:26","modified_gmt":"2019-07-05T20:56:26","slug":"72-organizaciones-sociales-de-yungay-fueron-beneficiadas-con-subvenciones-municipales","status":"publish","type":"post","link":"https:\/\/www.yungayino.cl\/noticias\/?p=20978","title":{"rendered":"72 Organizaciones Sociales de Yungay Fueron Beneficiadas con Subvenciones Municipales"},"content":{"rendered":"<p><img loading=\"lazy\" decoding=\"async\" class=\"alignnone size-full wp-image-20979\" src=\"http:\/\/www.yungayino.cl\/noticias\/wp-content\/uploads\/2019\/07\/subvenciones_municipales_2019.jpg\" alt=\"\" width=\"700\" height=\"350\" srcset=\"https:\/\/www.yungayino.cl\/noticias\/wp-content\/uploads\/2019\/07\/subvenciones_municipales_2019.jpg 700w, https:\/\/www.yungayino.cl\/noticias\/wp-content\/uploads\/2019\/07\/subvenciones_municipales_2019-300x150.jpg 300w\" sizes=\"auto, (max-width: 700px) 100vw, 700px\" \/><\/p>\n<p style=\"text-align: justify;\">Yungay, viernes 05 de julio 2019: Felicidad y muestras de alegr\u00eda hubo entre los dirigentes de setenta y dos organizaciones comunitarias de Yungay que recibieron la subvenci\u00f3n municipal este a\u00f1o 2019 con el fin de promover la participaci\u00f3n comunitaria.<\/p>\n<p style=\"text-align: justify;\"><iframe loading=\"lazy\" style=\"border: none; overflow: hidden;\" src=\"https:\/\/www.facebook.com\/plugins\/post.php?href=https:\/\/www.facebook.com\/yungayino.cl\/posts\/2719220491426306?__xts__%5B0%5D=68.ARC_AAuIXKzhpJPHWFozbEqhsHmVJjabhP9JKm11UF89fqOuDRwaJzIMb0AqSTLf3_SKID2etGUd6sBsGtjrDoWYL9Xs-KHOqYTF5W9IyPQWycfhe7784xE71Dvmxz9eaW9AtStjLFKW76iMwty6EEZHStN_smOcwllCTcf-A-v47M_4qc--ecFUeiXlzXIOnNewFQ0SmFA2Fe4VbdN8l01Sbo5ONIPF07SedtuaU46RLeLR2xWNEuAHJ-o7u0cJ3UGvc1yU7t16W4DQa5_B6tp4Rsn0UE-GhCxjwZG4iPkrE_z0NQczObh3kjkMnB9C8vZ9IjQuERNQtGFhkUhEf-O55ZP7RWHldYLnv9hx0kvAiTzCwc477k-hLYe3qn49B5tTRrrmXLYC_SXbJoJwsczn0dxpBcDOjB9ZbkR7C5d-XGfNPg8dopCAxcAkdsikHyzKo_vuvOhn8Q5UJ9U4&amp;__tn__=-R&amp;l=a77e327dc6&amp;l=f5951f1994&amp;l=bfecbb8adf&amp;l=687b6bf5da&amp;width=500&amp;show_text=true&amp;height=691&amp;appId\" width=\"500\" height=\"691\" frameborder=\"0\" scrolling=\"no\"><\/iframe><\/p>\n<p style=\"text-align: justify;\">Este a\u00f1o se dispuso de un monto de $39.157.302 que fueron aprobados por los integrantes del Concejo Municipal y que permitir\u00e1n el funcionamiento, desarrollo y proyecci\u00f3n de las organizaciones sociales comprometidas con el progreso de la comuna.<\/p>\n<p style=\"text-align: justify;\">Estamos felices de poder contribuir a las numerosas iniciativas que realizan estas instituciones que con su desinteresada labor engrandecen a Yungay, destac\u00f3 el alcalde Sr. <strong>Rafael Cifuentes Rodr\u00edguez,<\/strong> durante la ceremonia realizada en el Auditorio de la Biblioteca Municipal.<\/p>\n<p style=\"text-align: justify;\">Por su\u00a0 parte la Presidenta de la Uni\u00f3n Comunal de Adultos Mayores, Sra. <strong>Gladys Ben\u00edtez San Mart\u00edn<\/strong> y el Presidente de la Uni\u00f3n Comunal de Juntas de Vecinos Sr. <strong>Fernando Cabezas Vallejos<\/strong> agradecieron al alcalde y al Concejo Municipal por el apoyo recibido a trav\u00e9s de la subvenci\u00f3n municipal, el cual permitir\u00e1 seguir apoyando a las diferentes instituciones favorecidas y reiteraron sus agradecimientos esperando que se sigan entregando en el futuro.<\/p>\n<p style=\"text-align: justify;\">Finalizada la ceremonia la cual tambi\u00e9n cont\u00f3 con la asistencia y participaci\u00f3n de los concejales Sr. Rodrigo Stuardo, Sr. Ricardo Ramos, Sra. Juana Sandoval, Sra. Ang\u00e9lica Cabezas, Sra. Patricia Moncada, adem\u00e1s de la Jefa Dideco, Sra. Pamela Jelves Acu\u00f1a, todos los presentes compartieron un c\u00f3ctel.<\/p>\n<p style=\"text-align: justify;\">[su_button url=\u00bbhttps:\/\/www.facebook.com\/pg\/yungayino.cl\/photos\/?tab=album&amp;album_id=2719215011426854&#8243; target=\u00bbblank\u00bb size=\u00bb7&#8243; radius=\u00bbround\u00bb icon=\u00bbicon: facebook-square\u00bb]FOTOGRAF\u00cdAS &#8211; 72 Organizaciones Sociales de Yungay Fueron Beneficiadas con Subvenciones Municipales[\/su_button]<\/p>\n","protected":false},"excerpt":{"rendered":"<p>Yungay, viernes 05 de julio 2019: Felicidad y muestras de alegr\u00eda hubo entre los dirigentes de setenta y dos organizaciones comunitarias de Yungay que recibieron la subvenci\u00f3n municipal este a\u00f1o 2019 con el fin&#46;&#46;&#46;<\/p>\n","protected":false},"author":2,"featured_media":20979,"comment_status":"closed","ping_status":"open","sticky":false,"template":"","format":"standard","meta":{"footnotes":""},"categories":[1],"tags":[1115,2028,8,6,117],"class_list":["post-20978","post","type-post","status-publish","format-standard","has-post-thumbnail","hentry","category-noticias","tag-noticias","tag-subvencion-municipal","tag-yungay","tag-yungayino","tag-yungayinocl"],"_links":{"self":[{"href":"https:\/\/www.yungayino.cl\/noticias\/index.php?rest_route=\/wp\/v2\/posts\/20978","targetHints":{"allow":["GET"]}}],"collection":[{"href":"https:\/\/www.yungayino.cl\/noticias\/index.php?rest_route=\/wp\/v2\/posts"}],"about":[{"href":"https:\/\/www.yungayino.cl\/noticias\/index.php?rest_route=\/wp\/v2\/types\/post"}],"author":[{"embeddable":true,"href":"https:\/\/www.yungayino.cl\/noticias\/index.php?rest_route=\/wp\/v2\/users\/2"}],"replies":[{"embeddable":true,"href":"https:\/\/www.yungayino.cl\/noticias\/index.php?rest_route=%2Fwp%2Fv2%2Fcomments&post=20978"}],"version-history":[{"count":3,"href":"https:\/\/www.yungayino.cl\/noticias\/index.php?rest_route=\/wp\/v2\/posts\/20978\/revisions"}],"predecessor-version":[{"id":20982,"href":"https:\/\/www.yungayino.cl\/noticias\/index.php?rest_route=\/wp\/v2\/posts\/20978\/revisions\/20982"}],"wp:featuredmedia":[{"embeddable":true,"href":"https:\/\/www.yungayino.cl\/noticias\/index.php?rest_route=\/wp\/v2\/media\/20979"}],"wp:attachment":[{"href":"https:\/\/www.yungayino.cl\/noticias\/index.php?rest_route=%2Fwp%2Fv2%2Fmedia&parent=20978"}],"wp:term":[{"taxonomy":"category","embeddable":true,"href":"https:\/\/www.yungayino.cl\/noticias\/index.php?rest_route=%2Fwp%2Fv2%2Fcategories&post=20978"},{"taxonomy":"post_tag","embeddable":true,"href":"https:\/\/www.yungayino.cl\/noticias\/index.php?rest_route=%2Fwp%2Fv2%2Ftags&post=20978"}],"curies":[{"name":"wp","href":"https:\/\/api.w.org\/{rel}","templated":true}]}}