{"id":20987,"date":"2019-07-10T09:00:23","date_gmt":"2019-07-10T12:00:23","guid":{"rendered":"http:\/\/www.yungayino.cl\/noticias\/?p=20987"},"modified":"2019-07-09T15:11:57","modified_gmt":"2019-07-09T18:11:57","slug":"serviu-nuble-convoca-a-licitacion-mejoramiento-plaza-iquique-comuna-de-yungay","status":"publish","type":"post","link":"https:\/\/www.yungayino.cl\/noticias\/?p=20987","title":{"rendered":"SERVIU \u00d1uble Convoca a Licitaci\u00f3n \u201cMejoramiento Plaza Iquique, Comuna de Yungay\u201d"},"content":{"rendered":"<p><img loading=\"lazy\" decoding=\"async\" class=\"alignnone size-full\" src=\"http:\/\/www.yungayino.cl\/imagenes\/plazayungay2013.jpg\" width=\"500\" height=\"200\" \/><\/p>\n<p style=\"background: white; text-align: justify;\"><span style=\"font-size: 13.0pt; font-family: 'Arial','sans-serif'; color: #1c1e21;\">Yungay, mi\u00e9rcoles 10 de julio 2019: SERVIU \u00d1uble Convoca a licitaci\u00f3n la propuesta p\u00fablica para estudio: \u201cMejoramiento plaza de Iquique, comuna de Yungay\u201d.<\/span><\/p>\n<p style=\"background: white; text-align: justify;\"><span style=\"font-size: 13.0pt; font-family: 'Arial','sans-serif'; color: #1c1e21;\">Las bases est\u00e1n disponibles en el portal <a href=\"https:\/\/www.mercadopublico.cl\/Home\">www.mercadopublico.cl<\/a> a partir del d\u00eda martes 2 de julio 2019. ID: N\u00b0 1085111-2-LE19<\/span><\/p>\n<p style=\"background: white; text-align: justify;\"><span style=\"font-size: 13.0pt; font-family: 'Arial','sans-serif'; color: #1c1e21;\">Las ofertas ser\u00e1n recepcionadas en el portal hasta antes de las 16:00 horas del d\u00eda lunes 22 de julio 2019.<\/span><\/p>\n<p style=\"margin: 0cm 0cm 0.0001pt; background: white; text-align: justify;\"><span style=\"font-size: 13.0pt; font-family: 'Arial','sans-serif'; color: #1c1e21;\">\u201cAs\u00ed empieza a verse como una realidad el anhelo de contar con una nueva plaza, dando continuidad al hermoseamiento de Yungay, una tarea que ha emprendido con profundo compromiso esta administraci\u00f3n\u201d, afirm\u00f3 el alcalde Sr. Rafael Cifuentes Rodr\u00edguez.<\/span><\/p>\n","protected":false},"excerpt":{"rendered":"<p>Yungay, mi\u00e9rcoles 10 de julio 2019: SERVIU \u00d1uble Convoca a licitaci\u00f3n la propuesta p\u00fablica para estudio: \u201cMejoramiento plaza de Iquique, comuna de Yungay\u201d. Las bases est\u00e1n disponibles en el portal www.mercadopublico.cl a partir del&#46;&#46;&#46;<\/p>\n","protected":false},"author":2,"featured_media":0,"comment_status":"closed","ping_status":"open","sticky":false,"template":"","format":"standard","meta":{"footnotes":""},"categories":[1,15],"tags":[1115,1678,305,261,8,6,117],"class_list":["post-20987","post","type-post","status-publish","format-standard","hentry","category-noticias","category-turismo","tag-noticias","tag-nuble","tag-plaza-yungay","tag-serviu","tag-yungay","tag-yungayino","tag-yungayinocl"],"_links":{"self":[{"href":"https:\/\/www.yungayino.cl\/noticias\/index.php?rest_route=\/wp\/v2\/posts\/20987","targetHints":{"allow":["GET"]}}],"collection":[{"href":"https:\/\/www.yungayino.cl\/noticias\/index.php?rest_route=\/wp\/v2\/posts"}],"about":[{"href":"https:\/\/www.yungayino.cl\/noticias\/index.php?rest_route=\/wp\/v2\/types\/post"}],"author":[{"embeddable":true,"href":"https:\/\/www.yungayino.cl\/noticias\/index.php?rest_route=\/wp\/v2\/users\/2"}],"replies":[{"embeddable":true,"href":"https:\/\/www.yungayino.cl\/noticias\/index.php?rest_route=%2Fwp%2Fv2%2Fcomments&post=20987"}],"version-history":[{"count":1,"href":"https:\/\/www.yungayino.cl\/noticias\/index.php?rest_route=\/wp\/v2\/posts\/20987\/revisions"}],"predecessor-version":[{"id":20988,"href":"https:\/\/www.yungayino.cl\/noticias\/index.php?rest_route=\/wp\/v2\/posts\/20987\/revisions\/20988"}],"wp:attachment":[{"href":"https:\/\/www.yungayino.cl\/noticias\/index.php?rest_route=%2Fwp%2Fv2%2Fmedia&parent=20987"}],"wp:term":[{"taxonomy":"category","embeddable":true,"href":"https:\/\/www.yungayino.cl\/noticias\/index.php?rest_route=%2Fwp%2Fv2%2Fcategories&post=20987"},{"taxonomy":"post_tag","embeddable":true,"href":"https:\/\/www.yungayino.cl\/noticias\/index.php?rest_route=%2Fwp%2Fv2%2Ftags&post=20987"}],"curies":[{"name":"wp","href":"https:\/\/api.w.org\/{rel}","templated":true}]}}