{"id":20991,"date":"2019-07-11T17:00:27","date_gmt":"2019-07-11T20:00:27","guid":{"rendered":"http:\/\/www.yungayino.cl\/noticias\/?p=20991"},"modified":"2019-07-11T18:43:06","modified_gmt":"2019-07-11T21:43:06","slug":"abordan-problematica-de-loteos-brujos-en-reunion-con-union-comunal-de-jjvv-de-yungay","status":"publish","type":"post","link":"https:\/\/www.yungayino.cl\/noticias\/?p=20991","title":{"rendered":"Abordan Problem\u00e1tica de Loteos \u201cBrujos\u201d en Reuni\u00f3n con Uni\u00f3n Comunal de JJVV de Yungay"},"content":{"rendered":"<p><img loading=\"lazy\" decoding=\"async\" class=\"alignnone size-full wp-image-20992\" src=\"http:\/\/www.yungayino.cl\/noticias\/wp-content\/uploads\/2019\/07\/union_comunal_yungay_gobernadora.jpg\" alt=\"\" width=\"700\" height=\"350\" srcset=\"https:\/\/www.yungayino.cl\/noticias\/wp-content\/uploads\/2019\/07\/union_comunal_yungay_gobernadora.jpg 700w, https:\/\/www.yungayino.cl\/noticias\/wp-content\/uploads\/2019\/07\/union_comunal_yungay_gobernadora-300x150.jpg 300w\" sizes=\"auto, (max-width: 700px) 100vw, 700px\" \/><\/p>\n<p style=\"text-align: justify;\">Yungay, jueves 11 de julio 2019: En el marco de un trabajo en conjunto con la Uni\u00f3n Comunal de Juntas de Vecinos de Yungay, la Gobernadora Paola Becker, arrib\u00f3 por segundo mes consecutivo a la asamblea mensual de dicha agrupaci\u00f3n, esta vez, acompa\u00f1ada por la Seremi de Bienes Nacionales Carolina Navarrete, con el objetivo de poder responder a un gran n\u00famero de interrogantes planteadas por los distintos dirigentes sociales yungayinos, relacionados con la regularizaci\u00f3n de los t\u00edtulos de dominio y los denominados loteos \u201cbrujos\u201d o irregulares.<\/p>\n<p style=\"text-align: justify;\">\u201cHab\u00edamos suscrito un compromiso con la directiva y los miembros de la Uni\u00f3n Comunal, de llevarles a terreno di\u00e1logos con las distintas autoridades para atender sus problem\u00e1ticas variadas. Asumimos el compromiso tal y como nos ha pedido el Presidente Sebasti\u00e1n Pi\u00f1era de desplegarnos en terreno, autoridades orientadoras y resolutivas para los requerimientos de cada comuna, por lo que agradecemos tambi\u00e9n la disposici\u00f3n de la Seremi de Bienes Nacionales de poder acompa\u00f1arnos. Para una pr\u00f3xima reuni\u00f3n ya estamos coordinando con la Direcci\u00f3n Regional de Vialidad y Obras P\u00fablicas, para ver la situaci\u00f3n de distintos caminos principales y secundarios que dependen de dicha entidad, adem\u00e1s del cronograma de ejecuci\u00f3n de la N-59, contemplado en el Plan \u00d1uble\u201d, explay\u00f3 la Gobernadora Paola Becker Villa.<\/p>\n<p style=\"text-align: justify;\">Por su parte la Seremi Carolina Navarrete, precis\u00f3 que \u201cinstancias como estas, reafirman el compromiso del Presidente Sebasti\u00e1n Pi\u00f1era y el Intendente Mart\u00edn Arrau, de estar en terreno, escuchando los problemas de las personas, ya que solo as\u00ed vamos a poder saber aplicar los programas y distintos beneficios que en este caso el Ministerio de Bienes Nacionales con los vecinos de \u00d1uble, especialmente en este caso a los vecinos de Yungay. Agradecida de la invitaci\u00f3n de la Gobernadora, donde s\u00e9 que la regularizaci\u00f3n de t\u00edtulos de dominio han sido un tema recurrente en las consultas ciudadanas que ella ha tenido, por lo tanto nosotros felices de acercar los servicios a las personas, adem\u00e1s de poderles explicar el Programa Chile Propietario, para que las personas puedan regularizar sus t\u00edtulos de dominio, y hacerse due\u00f1os de lo que les pertenece\u201d.<\/p>\n<p style=\"text-align: justify;\">Finalmente el Presidente de la Uni\u00f3n Comunal de JJVV de Yungay, Fernando Cabezas, cerr\u00f3 con palabras de agradecimiento a la gesti\u00f3n de la autoridad provincial, as\u00ed como a la presencia de la Seremi de Bienes Nacionales.<\/p>\n<p style=\"text-align: justify;\">\u201cOrgullos de poder estar acercando al Gobierno Regional a la comuna. Agradecer como siempre la disposici\u00f3n de todas las autoridades, a la Gobernadora Paola Becker y para nosotros un tema importante como comuna, que es la compra de loteos irregulares, donde hay familias que dependen de eso para cumplir sus sue\u00f1os, algunos comprando como necesidad, y otros por negocio. Por lo anterior es que nos pareci\u00f3 estupendo el haber podido contar con la Seremi de Bienes Nacionales, quien adem\u00e1s es muy cercana, algo que necesita la gente\u201d, dijo el dirigente.<\/p>\n","protected":false},"excerpt":{"rendered":"<p>Yungay, jueves 11 de julio 2019: En el marco de un trabajo en conjunto con la Uni\u00f3n Comunal de Juntas de Vecinos de Yungay, la Gobernadora Paola Becker, arrib\u00f3 por segundo mes consecutivo a&#46;&#46;&#46;<\/p>\n","protected":false},"author":2,"featured_media":20992,"comment_status":"closed","ping_status":"open","sticky":false,"template":"","format":"standard","meta":{"footnotes":""},"categories":[3,1],"tags":[1606,1115,433,8,6,117],"class_list":["post-20991","post","type-post","status-publish","format-standard","has-post-thumbnail","hentry","category-actualidad","category-noticias","tag-junta-de-vecinos","tag-noticias","tag-union-comunal","tag-yungay","tag-yungayino","tag-yungayinocl"],"_links":{"self":[{"href":"https:\/\/www.yungayino.cl\/noticias\/index.php?rest_route=\/wp\/v2\/posts\/20991","targetHints":{"allow":["GET"]}}],"collection":[{"href":"https:\/\/www.yungayino.cl\/noticias\/index.php?rest_route=\/wp\/v2\/posts"}],"about":[{"href":"https:\/\/www.yungayino.cl\/noticias\/index.php?rest_route=\/wp\/v2\/types\/post"}],"author":[{"embeddable":true,"href":"https:\/\/www.yungayino.cl\/noticias\/index.php?rest_route=\/wp\/v2\/users\/2"}],"replies":[{"embeddable":true,"href":"https:\/\/www.yungayino.cl\/noticias\/index.php?rest_route=%2Fwp%2Fv2%2Fcomments&post=20991"}],"version-history":[{"count":1,"href":"https:\/\/www.yungayino.cl\/noticias\/index.php?rest_route=\/wp\/v2\/posts\/20991\/revisions"}],"predecessor-version":[{"id":20993,"href":"https:\/\/www.yungayino.cl\/noticias\/index.php?rest_route=\/wp\/v2\/posts\/20991\/revisions\/20993"}],"wp:featuredmedia":[{"embeddable":true,"href":"https:\/\/www.yungayino.cl\/noticias\/index.php?rest_route=\/wp\/v2\/media\/20992"}],"wp:attachment":[{"href":"https:\/\/www.yungayino.cl\/noticias\/index.php?rest_route=%2Fwp%2Fv2%2Fmedia&parent=20991"}],"wp:term":[{"taxonomy":"category","embeddable":true,"href":"https:\/\/www.yungayino.cl\/noticias\/index.php?rest_route=%2Fwp%2Fv2%2Fcategories&post=20991"},{"taxonomy":"post_tag","embeddable":true,"href":"https:\/\/www.yungayino.cl\/noticias\/index.php?rest_route=%2Fwp%2Fv2%2Ftags&post=20991"}],"curies":[{"name":"wp","href":"https:\/\/api.w.org\/{rel}","templated":true}]}}