{"id":20994,"date":"2019-07-15T10:00:09","date_gmt":"2019-07-15T13:00:09","guid":{"rendered":"http:\/\/www.yungayino.cl\/noticias\/?p=20994"},"modified":"2019-07-15T14:26:13","modified_gmt":"2019-07-15T17:26:13","slug":"emotiva-ceremonia-de-despedida-brindaron-a-suboficial-mayor-sr-juan-carlos-espinoza-jara-quien-se-acoge-a-retiro","status":"publish","type":"post","link":"https:\/\/www.yungayino.cl\/noticias\/?p=20994","title":{"rendered":"Emotiva Ceremonia de Despedida Brindaron a Suboficial Mayor Sr. Juan Carlos Espinoza Jara, Qui\u00e9n se Acoge a Retiro"},"content":{"rendered":"<p><img loading=\"lazy\" decoding=\"async\" class=\"alignnone size-full wp-image-20995\" src=\"http:\/\/www.yungayino.cl\/noticias\/wp-content\/uploads\/2019\/07\/carabinero_espinoza_retiro.jpg\" alt=\"\" width=\"700\" height=\"417\" srcset=\"https:\/\/www.yungayino.cl\/noticias\/wp-content\/uploads\/2019\/07\/carabinero_espinoza_retiro.jpg 700w, https:\/\/www.yungayino.cl\/noticias\/wp-content\/uploads\/2019\/07\/carabinero_espinoza_retiro-300x179.jpg 300w, https:\/\/www.yungayino.cl\/noticias\/wp-content\/uploads\/2019\/07\/carabinero_espinoza_retiro-252x150.jpg 252w\" sizes=\"auto, (max-width: 700px) 100vw, 700px\" \/><\/p>\n<p style=\"text-align: justify;\">Yungay, lunes 15 de julio 2019: Una emotiva ceremonia se llev\u00f3 a cabo el pasado viernes 12 de julio en las dependencias del auditorio de la biblioteca p\u00fablica de Yungay, donde el Suboficial Mayor Sr. Juan Carlos Espinoza Jara tras 32 a\u00f1os se acogi\u00f3 a retiro de Carabineros de Chile.<\/p>\n<p style=\"text-align: justify;\">La ceremonia cont\u00f3 con la asistencia del Subprefecto Administrativo de la Prefectura \u00d1uble, Teniente Coronel Sr. Leonardo Fern\u00e1ndez Manr\u00edquez, el Mayor de la Cuarta Comisar\u00eda de Yungay Sr. Rodrigo D\u00edaz Albornoz, el Administrador Municipal Sr. Felipe Lagos, adem\u00e1s de Representantes de Autoridades Locales, Juntas de Vecinos, invitados especiales y comunidad.<\/p>\n<p style=\"text-align: justify;\"><iframe loading=\"lazy\" style=\"border: none; overflow: hidden;\" src=\"https:\/\/www.facebook.com\/plugins\/post.php?href=https:\/\/www.facebook.com\/yungayino.cl\/posts\/2737663676248654?__xts__%5B0%5D=68.ARDeRpGoAb_bPv3DI6GBtMZvPAVtNMy-ETAj5LRbssfIpaz7msk69Ltq1_1BLljJ7-MJGRoK0fQKJI1x8bJHLNZmGXvoGhjvzYHukQYdHrvPCH8XT6mmwoxB6n3HO_VKNj_eIaRHUI4lFYNOEAd34KANIdaEwtWHHpC2A2ZJt9c3gk9UfDO6_Nk4cN2mJhxorMqiKkSz2WEE8KlKOSV1GSujGot2kyr6_JSGTjOONmVii7gs6zULULJ2mBvkHaf9uXTfWHozg0QwqJA4rk0MpzZUbLf9o9kndDpSL6z5TlOxCXG8iRSCX3uB6RWPK1yr2goIEohGcVOenbK_0E8VXR0S-3VvcowQ1pr1hFUeRHXu6aojooonLr9nLpfrPQKDDTfZY41OeP_AQO0ijpzGujA-6B4Z-lRyCZK-PH-wuRAVt42bC_VvscmN3o_QmmFSWmQgRMfe91jtU4yUjaUz&amp;__tn__=-R&amp;l=a77e327dc6&amp;l=f5951f1994&amp;l=bfecbb8adf&amp;l=687b6bf5da&amp;width=500&amp;show_text=true&amp;height=691&amp;appId\" width=\"500\" height=\"691\" frameborder=\"0\" scrolling=\"no\"><\/iframe><\/p>\n<p style=\"text-align: justify;\">En la ocasi\u00f3n y en representaci\u00f3n del alcalde Sr. Rafael Cifuentes el Administrador Sr. Felipe Lagos ley\u00f3 un mensaje de reconocimiento y despedida expresando lo siguiente:<\/p>\n<p style=\"text-align: justify;\">\u00abPara m\u00ed es un honor y un agrado ser uno m\u00e1s de los tantos asistentes a tan importante acto de reconocimiento de Carabineros de Chile y la comunidad de Yungay al Suboficial mayor, sr. Juan Carlos Espinoza Jara.<\/p>\n<p style=\"text-align: justify;\">La despedida de un hombre investido con el cargo de Suboficial mayor de Carabineros de Chile, con el cargo de l\u00edder de las organizaciones comunitarias en nuestra comuna, con el cargo de amigo de los habitantes de la comuna de Yungay, con la reputaci\u00f3n que lo precede, en este d\u00eda tan importante es la comuna quien lo quiere reconocer por sus actos y haza\u00f1as.<\/p>\n<p style=\"text-align: justify;\">No puedo hablar de su historia personal porque no la conozco, pero s\u00ed puedo hablar de nuestra historia. Los que hoy estamos presentes compartimos, en m\u00e1s de una oportunidad, ideas, emociones y conversaciones sobre un Yungay mejor.<\/p>\n<p style=\"text-align: justify;\">Existen pocas personas en el mundo que concitan en torno a un mismo sentimiento un d\u00eda como hoy 12 de julio del a\u00f1o 2019. Sr. Juan Carlos Espinoza Jara, la gratificaci\u00f3n, la recompensa, la felicidad, el reconocimiento es de la comuna. Pocos hombres han sido tan sobresalientes como usted, pocos hombres en la historia ser\u00e1n recordados a pesar del paso del tiempo, y creo firmemente que usted es uno de aquellos pocos que han hecho mucho por su familia, por su patria y por su honor.<\/p>\n<p style=\"text-align: justify;\">Suboficial Mayor, en nombre de la Municipalidad de Yungay y de su alcalde Rafael Cifuentes Rodr\u00edguez, quiero agradecerle todo lo que hizo por nuestra comuna en su calidad de Carabinero. Detallar cada haza\u00f1a realizada en la comuna y para la comuna nos llevar\u00eda todo el d\u00eda. En s\u00edntesis, bienvenido de vuelta a la vida civil.<\/p>\n<p style=\"text-align: justify;\">Sabemos que no renunciar\u00e1 a su esencia, sabemos que no limitar\u00e1 su participaci\u00f3n en la vida social, educativa, cultural, deportiva, pol\u00edtica, etc. Por eso este acto no es un adi\u00f3s sino que es un reconocimiento a un hombre que se gan\u00f3 el respeto, el cari\u00f1o y la admiraci\u00f3n de su pueblo.<\/p>\n<p style=\"text-align: justify;\">Quiero terminar citando al gran poeta y dramaturgo espa\u00f1ol, Federico Garc\u00eda Lorca:<\/p>\n<p style=\"text-align: justify;\">Juan Carlos \u00abMira a la derecha y a la izquierda del tiempo y que tu coraz\u00f3n aprenda a estar tranquilo\u00bb, <strong>Rafael Cifuentes Rodr\u00edguez<\/strong>, alcalde Yungay.<\/p>\n<p style=\"text-align: justify;\">En la ocasi\u00f3n tambi\u00e9n el Mayor de la Cuarta Comisar\u00eda de Yungay Sr. <strong>Rodrigo D\u00edaz Albornoz <\/strong>reconoci\u00f3 el compromiso del Suboficial Mayor Sr. Juan Carlos Espinoza a trav\u00e9s de su recorrido durante estos 32 a\u00f1os de servicio y a la entrega de poder atender y resolver muchas veces los problemas de la comunidad como una persona cercana y dispuesto a colaborar con las distintas organizaciones sociales, juntas de vecinos, colegios, adem\u00e1s de su constante participaci\u00f3n en las diferentes campa\u00f1as preventivas que realiza la instituci\u00f3n.<\/p>\n<p style=\"text-align: justify;\">Finalmente destacar que durante la ceremonia se le hizo entrega de diferentes est\u00edmulos de reconocimiento tanto por parte de la instituci\u00f3n como la comunidad en general, cuya ceremonia termin\u00f3 con la entonaci\u00f3n el Himno de Carabineros.<\/p>\n<p style=\"text-align: justify;\">[su_button url=\u00bbhttps:\/\/www.facebook.com\/pg\/yungayino.cl\/photos\/?tab=album&amp;album_id=2737663049582050&#8243; target=\u00bbblank\u00bb size=\u00bb7&#8243; radius=\u00bbround\u00bb icon=\u00bbicon: facebook-square\u00bb]FOTOGRAF\u00cdAS &#8211; Emotiva Ceremonia de Despedida Brindaron a Suboficial Mayor Sr. Juan Carlos Espinoza Jara, Qui\u00e9n se Acoge a Retiro[\/su_button]<\/p>\n","protected":false},"excerpt":{"rendered":"<p>Yungay, lunes 15 de julio 2019: Una emotiva ceremonia se llev\u00f3 a cabo el pasado viernes 12 de julio en las dependencias del auditorio de la biblioteca p\u00fablica de Yungay, donde el Suboficial Mayor&#46;&#46;&#46;<\/p>\n","protected":false},"author":2,"featured_media":20995,"comment_status":"closed","ping_status":"open","sticky":false,"template":"","format":"standard","meta":{"footnotes":""},"categories":[1],"tags":[25,2029,1115,8,6,117],"class_list":["post-20994","post","type-post","status-publish","format-standard","has-post-thumbnail","hentry","category-noticias","tag-carabineros","tag-juan-carlos-espinoza-jara","tag-noticias","tag-yungay","tag-yungayino","tag-yungayinocl"],"_links":{"self":[{"href":"https:\/\/www.yungayino.cl\/noticias\/index.php?rest_route=\/wp\/v2\/posts\/20994","targetHints":{"allow":["GET"]}}],"collection":[{"href":"https:\/\/www.yungayino.cl\/noticias\/index.php?rest_route=\/wp\/v2\/posts"}],"about":[{"href":"https:\/\/www.yungayino.cl\/noticias\/index.php?rest_route=\/wp\/v2\/types\/post"}],"author":[{"embeddable":true,"href":"https:\/\/www.yungayino.cl\/noticias\/index.php?rest_route=\/wp\/v2\/users\/2"}],"replies":[{"embeddable":true,"href":"https:\/\/www.yungayino.cl\/noticias\/index.php?rest_route=%2Fwp%2Fv2%2Fcomments&post=20994"}],"version-history":[{"count":4,"href":"https:\/\/www.yungayino.cl\/noticias\/index.php?rest_route=\/wp\/v2\/posts\/20994\/revisions"}],"predecessor-version":[{"id":20999,"href":"https:\/\/www.yungayino.cl\/noticias\/index.php?rest_route=\/wp\/v2\/posts\/20994\/revisions\/20999"}],"wp:featuredmedia":[{"embeddable":true,"href":"https:\/\/www.yungayino.cl\/noticias\/index.php?rest_route=\/wp\/v2\/media\/20995"}],"wp:attachment":[{"href":"https:\/\/www.yungayino.cl\/noticias\/index.php?rest_route=%2Fwp%2Fv2%2Fmedia&parent=20994"}],"wp:term":[{"taxonomy":"category","embeddable":true,"href":"https:\/\/www.yungayino.cl\/noticias\/index.php?rest_route=%2Fwp%2Fv2%2Fcategories&post=20994"},{"taxonomy":"post_tag","embeddable":true,"href":"https:\/\/www.yungayino.cl\/noticias\/index.php?rest_route=%2Fwp%2Fv2%2Ftags&post=20994"}],"curies":[{"name":"wp","href":"https:\/\/api.w.org\/{rel}","templated":true}]}}