{"id":21035,"date":"2019-07-26T20:30:50","date_gmt":"2019-07-26T23:30:50","guid":{"rendered":"http:\/\/www.yungayino.cl\/noticias\/?p=21035"},"modified":"2019-07-28T19:08:37","modified_gmt":"2019-07-28T22:08:37","slug":"adultos-mayores-de-yungay-participaron-en-campeonato-comunal-de-cueca-2","status":"publish","type":"post","link":"https:\/\/www.yungayino.cl\/noticias\/?p=21035","title":{"rendered":"Adultos Mayores de Yungay Participaron en Campeonato Comunal de Cueca"},"content":{"rendered":"<p><img loading=\"lazy\" decoding=\"async\" class=\"alignnone size-full wp-image-21036\" src=\"http:\/\/www.yungayino.cl\/noticias\/wp-content\/uploads\/2019\/07\/comunal_cueca_adultos_2019.jpg\" alt=\"\" width=\"700\" height=\"350\" srcset=\"https:\/\/www.yungayino.cl\/noticias\/wp-content\/uploads\/2019\/07\/comunal_cueca_adultos_2019.jpg 700w, https:\/\/www.yungayino.cl\/noticias\/wp-content\/uploads\/2019\/07\/comunal_cueca_adultos_2019-300x150.jpg 300w\" sizes=\"auto, (max-width: 700px) 100vw, 700px\" \/><\/p>\n<p style=\"text-align: justify;\">Yungay, viernes 26 de\u00a0 julio 2019: En las dependencias del Sal\u00f3n Comunitario Multiuso, se llev\u00f3 a cabo el\u00a0\u201cCampeonato Comunal de Cueca Adultos Mayores\u201d, el cual cont\u00f3 con las participaci\u00f3n de cinco parejas de las cuales la ganadora representar\u00e1 a Yungay en el pr\u00f3ximo Campeonato Provincial.<\/p>\n<p style=\"text-align: justify;\"><iframe loading=\"lazy\" style=\"border: none; overflow: hidden;\" src=\"https:\/\/www.facebook.com\/plugins\/post.php?href=https:\/\/www.facebook.com\/yungayino.cl\/posts\/2762664753748546?__xts__%5B0%5D=68.ARCFGK93w5a1s_m-OcxoYSCHJ--WZDk4hC6xNMumkbUOPo3TPbkUaAdshObm6M6hrEEi5EcBWZCE3xMlTvxJNHcpdY7ejoMtzX2Mu-x5d9NRIFx9Y-zcYSzlyjfQSx99767LuTwlQeo_vJqrTbvq0lOmwjTV9SVCFOKPJNXIDrwhK_iq8myzVez4KVlpuiKomUGIvfaH6iLKoOX3QFfb02El4xPlLzcOh_HVe9lz8wsDsmCkJdC-8cV-Io03fE-8b1zQ9eD6wadtji6uJqPpogKR49Vza6y_wKRhQqaT8FD3LMJw3HTed9_T_3yACF3g8M3sBWzHnrNDLJSOX61ATwKOYyfv_Wq_Sglz80KY2xIzOUPys575wC9jVe9SfSSNdD6JUK6Jo5Y3tnhW36Q0gHSe3kWfBe3JSSCDnNFjQX_OT1P2wEKMVR0rcw0o0vQ-Hs5LShTjCK0_2FQ2O0YT&amp;__tn__=-R&amp;l=a77e327dc6&amp;l=f5951f1994&amp;l=bfecbb8adf&amp;l=687b6bf5da&amp;width=500&amp;show_text=true&amp;height=691&amp;appId\" width=\"500\" height=\"691\" frameborder=\"0\" scrolling=\"no\"><\/iframe><\/p>\n<p style=\"text-align: justify;\">La tradicional actividad cont\u00f3 con la asistencia del alcalde Sr. Rafael Cifuentes, el Diputado de la Rep\u00fablica, Sr. Carlos Abel Jarpa, las Concejalas Sra. Juana Sandoval, Srta. Ang\u00e9lica Cabezas, Sra. Patricia Moncada, la Presidenta de la Uni\u00f3n Comunal de Adultos Mayores de Yungay, Gladys Ben\u00edtez, la Jefa Dideco Sra. Pamela Jelves, Invitados Especiales y P\u00fablico en General.<\/p>\n<p style=\"text-align: justify;\">El evento que fue organizado por el Municipio, cont\u00f3 con la animaci\u00f3n del Sr. H\u00e9ctor Armando Barr\u00eda Flores, conocido como el \u201cHuaso Barr\u00eda\u201d y en la parte musical estuvo amenizado por el Grupo \u201cA los 4 Vientos\u201d, adem\u00e1s se\u00f1alar que el jurado estuvo compuesto por Sra. Joselyn Osses, Sra. Ivonne Vergara y Sr. Abel Fern\u00e1ndez.<\/p>\n<p style=\"text-align: justify;\">Finalmente destacar que la pareja formada por la Sra. <strong>Ema Rivas Figueroa <\/strong>y<strong> F\u00e9lix Machuca Jim\u00e9nez <\/strong>obtuvieron el primer lugar de este campeonato comunal de cueca 2019.<\/p>\n<p style=\"text-align: justify;\"><u>Resultado Final Campeonato de Cueca Adulto Mayor Yungay 2019:<\/u><\/p>\n<p style=\"text-align: justify;\"><strong>1\u00b0 Lugar: Ema Rivas Figueroa y F\u00e9lix Machuca Jim\u00e9nez<\/strong><\/p>\n<p style=\"text-align: justify;\">2\u00b0 Lugar: Eliana Brevis Henr\u00edquez y Alicio Flores P\u00e9rez<\/p>\n<p style=\"text-align: justify;\">3\u00b0 Lugar: Berta Valenzuela Briones y Jos\u00e9 Mu\u00f1oz Cofre<\/p>\n<p>&nbsp;<\/p>\n<p style=\"text-align: justify;\">[su_button url=\u00bbhttps:\/\/www.facebook.com\/pg\/yungayino.cl\/photos\/?tab=album&amp;album_id=2762663950415293&#8243; target=\u00bbblank\u00bb size=\u00bb7&#8243; radius=\u00bbround\u00bb icon=\u00bbicon: facebook-square\u00bb]FOTOGRAF\u00cdAS &#8211; Adultos Mayores de Yungay Participaron en Campeonato Comunal de Cueca[\/su_button]<\/p>\n","protected":false},"excerpt":{"rendered":"<p>Yungay, viernes 26 de\u00a0 julio 2019: En las dependencias del Sal\u00f3n Comunitario Multiuso, se llev\u00f3 a cabo el\u00a0\u201cCampeonato Comunal de Cueca Adultos Mayores\u201d, el cual cont\u00f3 con las participaci\u00f3n de cinco parejas de las&#46;&#46;&#46;<\/p>\n","protected":false},"author":2,"featured_media":21036,"comment_status":"closed","ping_status":"open","sticky":false,"template":"","format":"standard","meta":{"footnotes":""},"categories":[1],"tags":[57,417,1115,8,6,117],"class_list":["post-21035","post","type-post","status-publish","format-standard","has-post-thumbnail","hentry","category-noticias","tag-adultos-mayores","tag-comunal-cueca","tag-noticias","tag-yungay","tag-yungayino","tag-yungayinocl"],"_links":{"self":[{"href":"https:\/\/www.yungayino.cl\/noticias\/index.php?rest_route=\/wp\/v2\/posts\/21035","targetHints":{"allow":["GET"]}}],"collection":[{"href":"https:\/\/www.yungayino.cl\/noticias\/index.php?rest_route=\/wp\/v2\/posts"}],"about":[{"href":"https:\/\/www.yungayino.cl\/noticias\/index.php?rest_route=\/wp\/v2\/types\/post"}],"author":[{"embeddable":true,"href":"https:\/\/www.yungayino.cl\/noticias\/index.php?rest_route=\/wp\/v2\/users\/2"}],"replies":[{"embeddable":true,"href":"https:\/\/www.yungayino.cl\/noticias\/index.php?rest_route=%2Fwp%2Fv2%2Fcomments&post=21035"}],"version-history":[{"count":4,"href":"https:\/\/www.yungayino.cl\/noticias\/index.php?rest_route=\/wp\/v2\/posts\/21035\/revisions"}],"predecessor-version":[{"id":21040,"href":"https:\/\/www.yungayino.cl\/noticias\/index.php?rest_route=\/wp\/v2\/posts\/21035\/revisions\/21040"}],"wp:featuredmedia":[{"embeddable":true,"href":"https:\/\/www.yungayino.cl\/noticias\/index.php?rest_route=\/wp\/v2\/media\/21036"}],"wp:attachment":[{"href":"https:\/\/www.yungayino.cl\/noticias\/index.php?rest_route=%2Fwp%2Fv2%2Fmedia&parent=21035"}],"wp:term":[{"taxonomy":"category","embeddable":true,"href":"https:\/\/www.yungayino.cl\/noticias\/index.php?rest_route=%2Fwp%2Fv2%2Fcategories&post=21035"},{"taxonomy":"post_tag","embeddable":true,"href":"https:\/\/www.yungayino.cl\/noticias\/index.php?rest_route=%2Fwp%2Fv2%2Ftags&post=21035"}],"curies":[{"name":"wp","href":"https:\/\/api.w.org\/{rel}","templated":true}]}}