{"id":21055,"date":"2019-08-03T20:00:58","date_gmt":"2019-08-03T23:00:58","guid":{"rendered":"http:\/\/www.yungayino.cl\/noticias\/?p=21055"},"modified":"2019-08-03T20:51:34","modified_gmt":"2019-08-03T23:51:34","slug":"yungay-cuenta-con-oficina-de-senda-e-iniciara-programa-previene-en-la-comunidad","status":"publish","type":"post","link":"https:\/\/www.yungayino.cl\/noticias\/?p=21055","title":{"rendered":"Yungay Cuenta con Oficina de SENDA e Iniciar\u00e1 Programa Previene en la Comunidad"},"content":{"rendered":"<p><img loading=\"lazy\" decoding=\"async\" class=\"alignnone size-full wp-image-21056\" src=\"http:\/\/www.yungayino.cl\/noticias\/wp-content\/uploads\/2019\/08\/senda_yungay_2019.jpg\" alt=\"\" width=\"700\" height=\"350\" srcset=\"https:\/\/www.yungayino.cl\/noticias\/wp-content\/uploads\/2019\/08\/senda_yungay_2019.jpg 700w, https:\/\/www.yungayino.cl\/noticias\/wp-content\/uploads\/2019\/08\/senda_yungay_2019-300x150.jpg 300w\" sizes=\"auto, (max-width: 700px) 100vw, 700px\" \/><\/p>\n<p style=\"text-align: justify;\">Yungay, s\u00e1bado 03 de agosto 2019: Con el tradicional corte de cinta se dio\u00a0 por inaugurado el Programa SENDA Previene en la comuna de Yungay el pasado jueves 01 de agosto en la dependencia de la Biblioteca P\u00fablica, el cual contar\u00e1 con una oficina que estar\u00e1 a cargo de las profesionales B\u00e1rbara Valeria y Paula Silva.<\/p>\n<p style=\"text-align: justify;\">Destacar que el \u201cPrograma SENDA Previene en la Comunidad\u201d, es la respuesta p\u00fablica al problema del consumo de drogas y alcohol. Es el encargado de generar el v\u00ednculo directo con la comunidad, de sensibilizar, dise\u00f1ar, coordinar, articular y fomentar la participaci\u00f3n de todos los actores, organizaciones y redes locales para prevenir y enfrentar el consumo de drogas y alcohol en los territorios.<\/p>\n<p style=\"text-align: justify;\"><iframe loading=\"lazy\" style=\"border: none; overflow: hidden;\" src=\"https:\/\/www.facebook.com\/plugins\/post.php?href=https:\/\/www.facebook.com\/yungayino.cl\/posts\/2774174679264220?__xts__%5B0%5D=68.ARDuVGVjg6JJIoHy15Q_2KWooZKesgYqv_fjsRuPE-URw1bquXrONd_LpdzXMaHh5oTVTFq2zlb8dX-Ixc1-NfHz5-PKxKn_wP-_lFIYPkSaTQhwzTKt5n3KkgEBOvdP8uziqyZj9O1BEfwrUX91fbuoGmhvIIuAVEPgx8cYPEy1HpaKFRXuuNjP_DxHbESWoa6QurLZaeB906maPSd0WyYPD2F51QH8SDHgVnInAo__ta-J5vkYbZ7t_WXLI4h9IjCtLkAy-0R-jCWVq_37Wk8hPPs94168S253ME1Vmmvq4cIZdVykBD5X1Fz4JWX9_itGI604vXiRvvIgTVOxlcJgW0H-X4o3f95z8ymhspgPC3PcIH1UzAP0ARyli4UEjmiY4_9eNxlMdo9raMs_kRw1jc3kHPTjooPM9rT_YECbG_cwNzHvgIEH2DB0XZpXwBq2LNhwG-6hTCLXcrhk&amp;__tn__=-R&amp;l=a77e327dc6&amp;l=f5951f1994&amp;l=bfecbb8adf&amp;l=687b6bf5da&amp;width=500&amp;show_text=true&amp;height=691&amp;appId\" width=\"500\" height=\"691\" frameborder=\"0\" scrolling=\"no\"><\/iframe><\/p>\n<p style=\"text-align: justify;\">De acuerdo a investigaciones realizadas por el Servicio Nacional para la Prevenci\u00f3n y Rehabilitaci\u00f3n del Consumo de Drogas y Alcohol, SENDA, el uso de las drogas est\u00e1 muy concentrado entre adolescentes y j\u00f3venes que se encuentran en las etapas m\u00e1s cr\u00edticas de su proceso de desarrollo personal y social. Respecto a este grupo las cifras indican que 1 de cada 4 menores de edad ha probado la marihuana en el \u00faltimo a\u00f1o.<\/p>\n<p style=\"text-align: justify;\">La comuna de Yungay no est\u00e1 exenta a esta realidad, por ello el alcalde, Rafael Cifuentes Rodr\u00edguez, dentro de su administraci\u00f3n ha considerado como una importante prioridad la implementaci\u00f3n del programa Senda Previene en Yungay, gesti\u00f3n iniciada el a\u00f1o 2017 y que ahora se implementar\u00e1 con \u00e9xito.<\/p>\n<p style=\"text-align: justify;\">Con el apoyo del Ministerio del Interior y Seguridad P\u00fablica, se logr\u00f3 instalar una oficina de Senda en nuestra comuna, con el objetivo de conocer, promover y apoyar las capacidades de auto-gesti\u00f3n de las comunidades frente a los riesgos del consumo de drogas y alcohol, especialmente aquellas que se configuran en contextos con altos niveles de vulnerabilidad y exclusi\u00f3n social.<\/p>\n<p style=\"text-align: justify;\">El alcalde, Rafael Cifuentes Rodr\u00edguez, junto con agradecer el apoyo del Senador, Felipe Harboe Bascu\u00f1\u00e1n y del Director Nacional de SENDA, Carlos Charme, se\u00f1al\u00f3 lo importante que es para la comuna contar con esta nueva oficina. \u201cEra un anhelo de los yungayinos (as) poder contar con una oficina preventiva, sobre todo para educar a los m\u00e1s j\u00f3venes en cuanto al consumo y riegos de uso y abuso de las drogas y el alcohol\u201d.<\/p>\n<p style=\"text-align: justify;\">\u201cComo SENDA estamos muy contentos con abrir una nueva oficina SENDA Previene en nuestra regi\u00f3n. De este modo cumplimos con el compromiso de nuestro Director Nacional, Carlos Charme. Esta nueva oficina nos permite estar m\u00e1s cerca de las personas que lo pasan mal producto del consumo de drogas y alcohol\u201d indic\u00f3 Carmen G\u00f3mez, Directora Regional de SENDA.<\/p>\n<p style=\"text-align: justify;\">Finalmente se\u00f1alar que el acto fue encabezado por el alcalde Rafael Cifuentes y cont\u00f3 con la presencia del Senador de la Rep\u00fablica, Felipe Harboe Bascu\u00f1\u00e1n, la SEREMI de Justicia de \u00d1uble, Jacqueline Gu\u00ed\u00f1ez, la Directora Regional de SENDA, Carmen G\u00f3mez, el Director Regional de INJUV, Fahd Hidd, autoridades de seguridad p\u00fablica de la comuna, concejales, representantes de juntas de vecinos, de establecimientos educacionales y estudiantes.<\/p>\n<p style=\"text-align: justify;\">[su_button url=\u00bbhttps:\/\/www.facebook.com\/pg\/yungayino.cl\/photos\/?tab=album&amp;album_id=2774171092597912&#8243; target=\u00bbblank\u00bb size=\u00bb7&#8243; radius=\u00bbround\u00bb icon=\u00bbicon: facebook-square\u00bb]FOTOGRAF\u00cdAS &#8211; Yungay Cuenta con Oficina de SENDA e Iniciar\u00e1 Programa Previene en la Comunidad[\/su_button]<\/p>\n","protected":false},"excerpt":{"rendered":"<p>Yungay, s\u00e1bado 03 de agosto 2019: Con el tradicional corte de cinta se dio\u00a0 por inaugurado el Programa SENDA Previene en la comuna de Yungay el pasado jueves 01 de agosto en la dependencia&#46;&#46;&#46;<\/p>\n","protected":false},"author":2,"featured_media":21056,"comment_status":"closed","ping_status":"open","sticky":false,"template":"","format":"standard","meta":{"footnotes":""},"categories":[1,32],"tags":[1115,1974,8,6,117],"class_list":["post-21055","post","type-post","status-publish","format-standard","has-post-thumbnail","hentry","category-noticias","category-servicios","tag-noticias","tag-senda","tag-yungay","tag-yungayino","tag-yungayinocl"],"_links":{"self":[{"href":"https:\/\/www.yungayino.cl\/noticias\/index.php?rest_route=\/wp\/v2\/posts\/21055","targetHints":{"allow":["GET"]}}],"collection":[{"href":"https:\/\/www.yungayino.cl\/noticias\/index.php?rest_route=\/wp\/v2\/posts"}],"about":[{"href":"https:\/\/www.yungayino.cl\/noticias\/index.php?rest_route=\/wp\/v2\/types\/post"}],"author":[{"embeddable":true,"href":"https:\/\/www.yungayino.cl\/noticias\/index.php?rest_route=\/wp\/v2\/users\/2"}],"replies":[{"embeddable":true,"href":"https:\/\/www.yungayino.cl\/noticias\/index.php?rest_route=%2Fwp%2Fv2%2Fcomments&post=21055"}],"version-history":[{"count":3,"href":"https:\/\/www.yungayino.cl\/noticias\/index.php?rest_route=\/wp\/v2\/posts\/21055\/revisions"}],"predecessor-version":[{"id":21059,"href":"https:\/\/www.yungayino.cl\/noticias\/index.php?rest_route=\/wp\/v2\/posts\/21055\/revisions\/21059"}],"wp:featuredmedia":[{"embeddable":true,"href":"https:\/\/www.yungayino.cl\/noticias\/index.php?rest_route=\/wp\/v2\/media\/21056"}],"wp:attachment":[{"href":"https:\/\/www.yungayino.cl\/noticias\/index.php?rest_route=%2Fwp%2Fv2%2Fmedia&parent=21055"}],"wp:term":[{"taxonomy":"category","embeddable":true,"href":"https:\/\/www.yungayino.cl\/noticias\/index.php?rest_route=%2Fwp%2Fv2%2Fcategories&post=21055"},{"taxonomy":"post_tag","embeddable":true,"href":"https:\/\/www.yungayino.cl\/noticias\/index.php?rest_route=%2Fwp%2Fv2%2Ftags&post=21055"}],"curies":[{"name":"wp","href":"https:\/\/api.w.org\/{rel}","templated":true}]}}