{"id":21082,"date":"2019-08-07T15:00:44","date_gmt":"2019-08-07T18:00:44","guid":{"rendered":"http:\/\/www.yungayino.cl\/noticias\/?p=21082"},"modified":"2019-08-07T15:33:55","modified_gmt":"2019-08-07T18:33:55","slug":"alcalde-y-equipo-de-salud-de-yungay-participan-en-reunion-del-consejo-integrado-de-redes-asistenciales-de-nuble","status":"publish","type":"post","link":"https:\/\/www.yungayino.cl\/noticias\/?p=21082","title":{"rendered":"Alcalde y Equipo de Salud de Yungay Participan en Reuni\u00f3n del Consejo Integrado de Redes Asistenciales de \u00d1uble"},"content":{"rendered":"<p><img loading=\"lazy\" decoding=\"async\" class=\"alignnone size-full wp-image-21083\" src=\"http:\/\/www.yungayino.cl\/noticias\/wp-content\/uploads\/2019\/08\/alcalde_salud_campanario.jpg\" alt=\"\" width=\"700\" height=\"350\" srcset=\"https:\/\/www.yungayino.cl\/noticias\/wp-content\/uploads\/2019\/08\/alcalde_salud_campanario.jpg 700w, https:\/\/www.yungayino.cl\/noticias\/wp-content\/uploads\/2019\/08\/alcalde_salud_campanario-300x150.jpg 300w\" sizes=\"auto, (max-width: 700px) 100vw, 700px\" \/><\/p>\n<p style=\"text-align: justify;\">Yungay, mi\u00e9rcoles 7 de agosto 2019: Alcalde Rafael Cifuentes Rodr\u00edguez y equipo de salud de Yungay participan en reuni\u00f3n del Consejo Integrado de Redes Asistenciales (CIRA) para articular la red asistencial de \u00d1uble en forma eficiente y eficaz.<\/p>\n<p style=\"text-align: justify;\">En esta instancia se proponen pol\u00edticas que contribuyan a mejorar la calidad de la atenci\u00f3n en salud y tambi\u00e9n proponer iniciativas para disminuir las brechas de atenci\u00f3n.<\/p>\n<p style=\"text-align: justify;\"><iframe loading=\"lazy\" style=\"border: none; overflow: hidden;\" src=\"https:\/\/www.facebook.com\/plugins\/post.php?href=https:\/\/www.facebook.com\/yungayino.cl\/posts\/2781306651884356?__xts__%5B0%5D=68.ARC1UR1MkTsLntzJVnVjgRC_juZjhYCcfdsHbWK0A6H-WoMcJu5x3iG3D6KdOKe_UCLXG1S9Dhc-dIAj9uFVhGRPIX75WPi9TXZv4MfTZmRVXs327qFnK3yT04HAO0pgFPpQuowVYouwVxT9HLq1F6DjaotkPsc8quYhjwWmvmwPQHHDVhAyMH-hOJd_nPU3VUVLnMIrfw1llmBX-kgSn1fajRk015qibi-ZRmJmcctd3KMLmocVzOjrlte03MZbx-Afoo1zkzzC6d0ho-azOXnzTivMHPZaPBk5zsXuL3DEaFd-VwfrxGpzPDqCR3aNOQcP6ovZTxSuxUd2N47XA1NyI262hA9c2iAOYciG9Cq5WyZAjBHBWkQQnn00p4J6vM5gd9oQovaF1SAqRDcIXTys0dkm166-D7xNligmIepJ1mm02hV9IFUpf5eOXRXU6bHFwWn96ij1TqoCUFlj&amp;__tn__=-R&amp;l=a77e327dc6&amp;l=f5951f1994&amp;l=bfecbb8adf&amp;l=687b6bf5da&amp;width=500&amp;show_text=true&amp;height=691&amp;appId\" width=\"500\" height=\"691\" frameborder=\"0\" scrolling=\"no\"><\/iframe><\/p>\n<p style=\"text-align: justify;\">En la oportunidad, con la presencia del Director (s) del Servicio de Salud \u00d1uble, Ricardo S\u00e1nchez Opazo, se realiza la firma del acuerdo de colaboraci\u00f3n para que el CESFAM de Campanario se pueda acreditar en calidad y seguridad en la atenci\u00f3n del paciente.<\/p>\n<p style=\"text-align: justify;\">La acreditaci\u00f3n en salud constituye una herramienta m\u00e1s de la pol\u00edtica p\u00fablica pro equidad que tiene por objetivo garantizar a todos los usuarios del Sistema de Salud de Chile, ya sea a nivel de la red p\u00fablica o privada, una atenci\u00f3n segura y de calidad.<\/p>\n<p style=\"text-align: justify;\">\u201cEs necesario destacar el compromiso del equipo de salud en esta importante tarea especialmente respecto a la gesti\u00f3n documental, medici\u00f3n de indicadores en calidad y seguridad del paciente, y preparaci\u00f3n de todos los antecedentes para iniciar la acreditaci\u00f3n de nuestro centro de salud\u201d afirm\u00f3 el Director del Cesfam Campanario, Juan Pablo Fern\u00e1ndez.<\/p>\n<p style=\"text-align: justify;\">Adem\u00e1s, la primera autoridad comunal manifest\u00f3 \u201chay que resaltar el compromiso de parte de nuestra administraci\u00f3n municipal por mejorar la infraestructura necesaria para presentarse a la acreditaci\u00f3n, y como alcalde, entregar el apoyo necesario para que el equipo de salud pueda desempe\u00f1ar sus funciones en \u00f3ptimas condiciones, pensando siempre en el mejor bienestar de nuestra gente\u201d.<\/p>\n<p style=\"text-align: justify;\">[su_button url=\u00bbhttps:\/\/www.facebook.com\/pg\/yungayino.cl\/photos\/?tab=album&amp;album_id=2781306545217700&#8243; target=\u00bbblank\u00bb size=\u00bb7&#8243; radius=\u00bbround\u00bb icon=\u00bbicon: facebook-square\u00bb]FOTOGRAF\u00cdAS &#8211; Alcalde y Equipo de Salud de Yungay Participan en Reuni\u00f3n del Consejo Integrado de Redes Asistenciales de \u00d1uble[\/su_button]<\/p>\n","protected":false},"excerpt":{"rendered":"<p>Yungay, mi\u00e9rcoles 7 de agosto 2019: Alcalde Rafael Cifuentes Rodr\u00edguez y equipo de salud de Yungay participan en reuni\u00f3n del Consejo Integrado de Redes Asistenciales (CIRA) para articular la red asistencial de \u00d1uble en&#46;&#46;&#46;<\/p>\n","protected":false},"author":2,"featured_media":21083,"comment_status":"closed","ping_status":"open","sticky":false,"template":"","format":"standard","meta":{"footnotes":""},"categories":[1],"tags":[1115,1678,65,8,6,117],"class_list":["post-21082","post","type-post","status-publish","format-standard","has-post-thumbnail","hentry","category-noticias","tag-noticias","tag-nuble","tag-salud","tag-yungay","tag-yungayino","tag-yungayinocl"],"_links":{"self":[{"href":"https:\/\/www.yungayino.cl\/noticias\/index.php?rest_route=\/wp\/v2\/posts\/21082","targetHints":{"allow":["GET"]}}],"collection":[{"href":"https:\/\/www.yungayino.cl\/noticias\/index.php?rest_route=\/wp\/v2\/posts"}],"about":[{"href":"https:\/\/www.yungayino.cl\/noticias\/index.php?rest_route=\/wp\/v2\/types\/post"}],"author":[{"embeddable":true,"href":"https:\/\/www.yungayino.cl\/noticias\/index.php?rest_route=\/wp\/v2\/users\/2"}],"replies":[{"embeddable":true,"href":"https:\/\/www.yungayino.cl\/noticias\/index.php?rest_route=%2Fwp%2Fv2%2Fcomments&post=21082"}],"version-history":[{"count":3,"href":"https:\/\/www.yungayino.cl\/noticias\/index.php?rest_route=\/wp\/v2\/posts\/21082\/revisions"}],"predecessor-version":[{"id":21086,"href":"https:\/\/www.yungayino.cl\/noticias\/index.php?rest_route=\/wp\/v2\/posts\/21082\/revisions\/21086"}],"wp:featuredmedia":[{"embeddable":true,"href":"https:\/\/www.yungayino.cl\/noticias\/index.php?rest_route=\/wp\/v2\/media\/21083"}],"wp:attachment":[{"href":"https:\/\/www.yungayino.cl\/noticias\/index.php?rest_route=%2Fwp%2Fv2%2Fmedia&parent=21082"}],"wp:term":[{"taxonomy":"category","embeddable":true,"href":"https:\/\/www.yungayino.cl\/noticias\/index.php?rest_route=%2Fwp%2Fv2%2Fcategories&post=21082"},{"taxonomy":"post_tag","embeddable":true,"href":"https:\/\/www.yungayino.cl\/noticias\/index.php?rest_route=%2Fwp%2Fv2%2Ftags&post=21082"}],"curies":[{"name":"wp","href":"https:\/\/api.w.org\/{rel}","templated":true}]}}