{"id":21087,"date":"2019-08-07T23:00:58","date_gmt":"2019-08-08T02:00:58","guid":{"rendered":"http:\/\/www.yungayino.cl\/noticias\/?p=21087"},"modified":"2019-08-08T20:56:59","modified_gmt":"2019-08-08T23:56:59","slug":"municipio-de-yungay-saludo-a-vecinos-en-el-dia-del-dirigente-social-y-comunitario","status":"publish","type":"post","link":"https:\/\/www.yungayino.cl\/noticias\/?p=21087","title":{"rendered":"Municipio de Yungay Saludo a Vecinos en el \u201cD\u00eda del Dirigente Social y Comunitario\u201d"},"content":{"rendered":"<p><img loading=\"lazy\" decoding=\"async\" class=\"alignnone size-full wp-image-21088\" src=\"http:\/\/www.yungayino.cl\/noticias\/wp-content\/uploads\/2019\/08\/dia_dirigente_2019.jpg\" alt=\"\" width=\"700\" height=\"350\" srcset=\"https:\/\/www.yungayino.cl\/noticias\/wp-content\/uploads\/2019\/08\/dia_dirigente_2019.jpg 700w, https:\/\/www.yungayino.cl\/noticias\/wp-content\/uploads\/2019\/08\/dia_dirigente_2019-300x150.jpg 300w\" sizes=\"auto, (max-width: 700px) 100vw, 700px\" \/><\/p>\n<p style=\"text-align: justify;\">Yungay, mi\u00e9rcoles 07 de agosto 2019: Con un almuerzo de camarader\u00eda el Municipio de Yungay saludo y celebr\u00f3 el \u201cD\u00eda del Dirigente Social y Comunitario\u201d celebraci\u00f3n tradicional que recuerda la promulgaci\u00f3n de la ley 16.880 de 1968, que crea, establece y reconoce las formas de organizaci\u00f3n de base, sus atribuciones, obligaciones y la existencia del dirigente comunitario.<\/p>\n<p style=\"text-align: justify;\"><iframe loading=\"lazy\" style=\"border: none; overflow: hidden;\" src=\"https:\/\/www.facebook.com\/plugins\/post.php?href=https:\/\/www.facebook.com\/yungayino.cl\/posts\/2783632534985101?__xts__%5B0%5D=68.ARCnm-uYhTESQa9Yw0_wzmbR9Foa3MkXZnMTPiraqQcuBol_H4tOMAUJaai62WSSL13KN_qKOp8Osb7LE449YzfpWkzEwupgA5vzZ1qPT3sBQGR7nkzIBO3YImiNCX3nDtZZZ6hwBOY2qed3bPBjkUl873mBk0ISpCq4t4CaluXyXyJyWaWkbolevLvP6nN4AH84HJfzOi9HBh42SZCNWP4Gz2Nlqz2QxK3b95DnU2Sv-zYNgmMPhKb9vZwpIZy-PY6YfeJW45HsLxeylbEglUeuRp0zUTZw34akMvqKW46qMVULOq7RQ6lAgGnFyr94qXrYCC7Yz145nf2WBEacTvRNLby2rpvxw4IH5JsUVR4dqWjUerOTcIsKbvvMp3JbLKCmU4APW2bEq4B3rzoCtTu-1D0NUlf3vVNaQFX-ywAAw5jLzDM8WcnQUBy7J3vbwB9eXl4yBsIaAlrMnahe&amp;__tn__=-R&amp;l=a77e327dc6&amp;l=f5951f1994&amp;l=bfecbb8adf&amp;l=687b6bf5da&amp;width=500&amp;show_text=true&amp;height=691&amp;appId\" width=\"500\" height=\"691\" frameborder=\"0\" scrolling=\"no\"><\/iframe><\/p>\n<p style=\"text-align: justify;\">La celebraci\u00f3n se realiz\u00f3 a partir de las 13:00 horas en las dependencias del Gimnasio Multiuso, donde autoridades, concejales y funcionarios municipales compartieron con los dirigentes esta especial celebraci\u00f3n.<\/p>\n<p style=\"text-align: justify;\">La ceremonia cont\u00f3 con la presencia del alcalde Sr. Rafael Cifuentes, quien salud\u00f3 y felicit\u00f3 a todos los dirigentes sociales y comunitarios presentes, destacando que ellos son el eje fundamental para el desarrollo y crecimiento de la comuna y reiter\u00f3 todo el apoyo del municipio, tambi\u00e9n reconoci\u00f3 el trabajo diario, constante y sacrificado de nuestros y nuestras dirigentes sociales comunitarios, quienes sin buscar retribuci\u00f3n alguna dedican gran parte de sus d\u00edas al servicio de los dem\u00e1s, contribuyendo no s\u00f3lo a mejorar su entorno sino tambi\u00e9n al progreso de nuestra comuna, la primera autoridad comunal reiter\u00f3 su saludo a todos los dirigentes de Yungay.<\/p>\n<p style=\"text-align: justify;\">Finalmente destacar que la jornada cont\u00f3 con la animaci\u00f3n del Sr. Rolando Alarc\u00f3n, adem\u00e1s de la participaci\u00f3n de Fabi\u00e1n Sep\u00falveda y la Banda San Remo.<\/p>\n<p style=\"text-align: justify;\">[su_button url=\u00bbhttps:\/\/www.facebook.com\/pg\/yungayino.cl\/photos\/?tab=album&amp;album_id=2783631898318498&#8243; target=\u00bbblank\u00bb size=\u00bb7&#8243; radius=\u00bbround\u00bb icon=\u00bbicon: facebook-square\u00bb]FOTOGRAF\u00cdAS &#8211; Municipio de Yungay Saludo a Vecinos en el \u201cD\u00eda del Dirigente Social y Comunitario\u201d[\/su_button]<\/p>\n","protected":false},"excerpt":{"rendered":"<p>Yungay, mi\u00e9rcoles 07 de agosto 2019: Con un almuerzo de camarader\u00eda el Municipio de Yungay saludo y celebr\u00f3 el \u201cD\u00eda del Dirigente Social y Comunitario\u201d celebraci\u00f3n tradicional que recuerda la promulgaci\u00f3n de la ley&#46;&#46;&#46;<\/p>\n","protected":false},"author":2,"featured_media":21088,"comment_status":"closed","ping_status":"open","sticky":false,"template":"","format":"standard","meta":{"footnotes":""},"categories":[1],"tags":[514,1115,8,6,117],"class_list":["post-21087","post","type-post","status-publish","format-standard","has-post-thumbnail","hentry","category-noticias","tag-dia-dirigente","tag-noticias","tag-yungay","tag-yungayino","tag-yungayinocl"],"_links":{"self":[{"href":"https:\/\/www.yungayino.cl\/noticias\/index.php?rest_route=\/wp\/v2\/posts\/21087","targetHints":{"allow":["GET"]}}],"collection":[{"href":"https:\/\/www.yungayino.cl\/noticias\/index.php?rest_route=\/wp\/v2\/posts"}],"about":[{"href":"https:\/\/www.yungayino.cl\/noticias\/index.php?rest_route=\/wp\/v2\/types\/post"}],"author":[{"embeddable":true,"href":"https:\/\/www.yungayino.cl\/noticias\/index.php?rest_route=\/wp\/v2\/users\/2"}],"replies":[{"embeddable":true,"href":"https:\/\/www.yungayino.cl\/noticias\/index.php?rest_route=%2Fwp%2Fv2%2Fcomments&post=21087"}],"version-history":[{"count":3,"href":"https:\/\/www.yungayino.cl\/noticias\/index.php?rest_route=\/wp\/v2\/posts\/21087\/revisions"}],"predecessor-version":[{"id":21091,"href":"https:\/\/www.yungayino.cl\/noticias\/index.php?rest_route=\/wp\/v2\/posts\/21087\/revisions\/21091"}],"wp:featuredmedia":[{"embeddable":true,"href":"https:\/\/www.yungayino.cl\/noticias\/index.php?rest_route=\/wp\/v2\/media\/21088"}],"wp:attachment":[{"href":"https:\/\/www.yungayino.cl\/noticias\/index.php?rest_route=%2Fwp%2Fv2%2Fmedia&parent=21087"}],"wp:term":[{"taxonomy":"category","embeddable":true,"href":"https:\/\/www.yungayino.cl\/noticias\/index.php?rest_route=%2Fwp%2Fv2%2Fcategories&post=21087"},{"taxonomy":"post_tag","embeddable":true,"href":"https:\/\/www.yungayino.cl\/noticias\/index.php?rest_route=%2Fwp%2Fv2%2Ftags&post=21087"}],"curies":[{"name":"wp","href":"https:\/\/api.w.org\/{rel}","templated":true}]}}