{"id":21112,"date":"2019-08-09T14:00:40","date_gmt":"2019-08-09T17:00:40","guid":{"rendered":"http:\/\/www.yungayino.cl\/noticias\/?p=21112"},"modified":"2019-08-09T15:07:42","modified_gmt":"2019-08-09T18:07:42","slug":"lucho-castillo-estrena-el-espectaculo-musical-folclorico-del-campo-naci-semilla","status":"publish","type":"post","link":"https:\/\/www.yungayino.cl\/noticias\/?p=21112","title":{"rendered":"Lucho Castillo Estrena el Espect\u00e1culo Musical Folcl\u00f3rico \u201cDel Campo Nac\u00ed Semilla\u201d"},"content":{"rendered":"<p><img loading=\"lazy\" decoding=\"async\" class=\"alignnone size-full wp-image-21113\" src=\"http:\/\/www.yungayino.cl\/noticias\/wp-content\/uploads\/2019\/08\/Luchito_Castillo.jpg\" alt=\"\" width=\"700\" height=\"350\" srcset=\"https:\/\/www.yungayino.cl\/noticias\/wp-content\/uploads\/2019\/08\/Luchito_Castillo.jpg 700w, https:\/\/www.yungayino.cl\/noticias\/wp-content\/uploads\/2019\/08\/Luchito_Castillo-300x150.jpg 300w\" sizes=\"auto, (max-width: 700px) 100vw, 700px\" \/><\/p>\n<p style=\"text-align: justify;\">Yungay, viernes 9 agosto 2019: Durante el mes de agosto, en el marco de la celebraci\u00f3n del D\u00eda Mundial del Folclor, el destacado folclorista nacional presentar\u00e1 la obra en Yungay y en Santiago.<\/p>\n<p style=\"text-align: justify;\">El espect\u00e1culo dirigido y protagonizado por el yungayino Lucho Castillo, resume su carrera en el folclor mezclando creaciones propias con algunos temas recogidos de la tradici\u00f3n, presentando estilos tales como la tonada, el vals, la zamacueca, la habanera, entre otros.<\/p>\n<p style=\"text-align: justify;\"><iframe loading=\"lazy\" style=\"border: none; overflow: hidden;\" src=\"https:\/\/www.facebook.com\/plugins\/post.php?href=https:\/\/www.facebook.com\/yungayino.cl\/posts\/2785095571505464?__xts__%5B0%5D=68.ARAJDkpgJ8VX4ZSB0Y-kG_jrc9jZKOhmJUJkKKehoECmFRD1ncDwrGTRniS2qdUn7Z1dAZIstvFdjkhSK8KVLEF1Z-MiJbFuuoypciVdHG0icKfV0EwDtU7jYJ-Qnn4OqNV2YStP0Zk_9Hdrm2YSbDJXW7Jxuu__WWTceLoIpAwfCDPS1UgxB5oYz6QougCC7hgV3BbLDx_EhbxxKWB_sAlACJUa7BBMsKuDxfL4iWx7Xgj-gvbv3oNR5MOVPIjp2uDqa0ngFBzrLUTWMFqBv5PEoSI9kJt6ZkZLXU5T8vpJStpK5Q1j6UGkiM1QMGsU_mrzVyUJKK71tyOYZoiw6AlAU9V6MHIB-3TIPzj9qBWl-D0fYu5Q9sjOAbE347-t5XV8Wtkr3mVEnrXgoQwU7bIU4GXWmsBK1srAHnJVKRVN-7aLuttgf9Fl7mdAA98fbdznGT9-00dF2AFlnkTc&amp;__tn__=-R&amp;l=a77e327dc6&amp;l=f5951f1994&amp;l=bfecbb8adf&amp;l=687b6bf5da&amp;width=500&amp;show_text=true&amp;height=691&amp;appId\" width=\"500\" height=\"691\" frameborder=\"0\" scrolling=\"no\"><\/iframe><\/p>\n<p style=\"text-align: justify;\">Lucho Castillo, destacado por su particular estilo al bailar y cantar la cueca, en 2018, fue reconocido por el Servicio Nacional del Patrimonio como Persona Destacada de la Cultura Tradicional Chilena por su extensa trayectoria y experiencia. Campe\u00f3n Nacional de Cueca en la categor\u00eda Adulto, en 1997 en la ciudad de Arica. Fundador del grupo cuequero Los Tricolores, en 1999, base de su caminar musical, con el cual fue ganador del Festival del Huaso de Olmu\u00e9 en 2015 y, adem\u00e1s, grab\u00f3 los discos Cuecas de remolienda, Los Tricolores junto a Daniel Mu\u00f1oz, \u00c9sta s\u00ed que es vida, y Los inseparables, siendo la gran mayor\u00eda de las composiciones que los conformaban de su autor\u00eda. El a\u00f1o 2008 viaja por el mundo difundiendo el folclor chileno junto a Ayni, estrenada en Stuttgart, Alemania y, en 2010, participa en Bit\u00e1cora, elegida por el Consejo de la M\u00fasica como pieza del bicentenario de Chile, ambas obras del destacado m\u00fasico nacional Andreas Bodenhofer.<\/p>\n<p style=\"text-align: justify;\">El espect\u00e1culo folcl\u00f3rico \u201cDel Campo Nac\u00ed Semilla\u201d presenta toda la riqueza del folclor: su poes\u00eda, la composici\u00f3n musical de sus distintos estilos, la simpat\u00eda particular de nuestra gente campesina, el baile, entre otros. Adem\u00e1s significa un salto importante en la carrera art\u00edstica de Lucho, quien respaldado por una trayectoria de m\u00e1s de 20 a\u00f1os en el folclor, muestra en esta obra su talento y experiencia, tanto en la parte creativa musicalmente como la parte interpretativa e histri\u00f3nica, a trav\u00e9s del canto y del baile.<\/p>\n<p style=\"text-align: justify;\">Este espect\u00e1culo cuenta con la participaci\u00f3n especial de la destacada folclorista nacional Mirtha Iturra, el talento del multi-instrumentista, payador y cantor popular Dangelo Guerra, adem\u00e1s de la experiencia del diestro equipo de m\u00fasicos que componen el elenco.<\/p>\n<p style=\"text-align: justify;\">El proyecto, financiado por el Fondo Nacional de Desarrollo Cultural y las Artes, \u00e1mbito Regional de financiamiento, convocatoria 2019, contempla la presentaci\u00f3n-estreno del espect\u00e1culo en la ciudad de Yungay, el 22 de agosto a las 20:00 horas en el auditorio de la Biblioteca P\u00fablica Oreste Montero, en el evento de \u201cCelebraci\u00f3n del D\u00eda Mundial del Folclor\u201d, actividad gratuita, organizada por la Municipalidad de Yungay, que por primera vez se realizar\u00e1 en la comuna. \u201cAgradecido de esta maravillosa oportunidad para difundir la obra y, con ello, poder retribuir lo aprendido desde mi ni\u00f1ez en mi comuna natal, mostrar mi crecimiento y evoluci\u00f3n y aportar un testimonio real para los nuevos admiradores del folclor de la comuna y la regi\u00f3n\u201d, se\u00f1al\u00f3 el cantautor.<\/p>\n<p style=\"text-align: justify;\">El espect\u00e1culo tambi\u00e9n se presentar\u00e1 en Santiago, en el evento \u201cSemillas rurales en la ciudad. Encuentros de tradiciones rurales chilenas con lo urbano\u201d, actividad gratuita organizada por ONG de Desarrollo MILPA, a realizarse el 30 de agosto a las 20:00 horas en el Anfiteatro del Museo de Bellas Artes.?La realizaci\u00f3n de este evento es parte de las acciones que Milpa est\u00e1 desarrollando para incentivar la valoraci\u00f3n y difusi\u00f3n del patrimonio cultural de Chile, proporcionando espacio para que artistas provenientes de regiones con propuestas interesantes las expongan en la capital.<\/p>\n<p style=\"text-align: justify;\">Para mayor informaci\u00f3n visita la fan page de Facebook Lucho Castillo @luchocastillooficial o escribe a <a href=\"mailto:luchocastillocuentaoficial@gmail.com\">luchocastillocuentaoficial@gmail.com<\/a><\/p>\n<p style=\"text-align: justify;\">[su_button url=\u00bbfacebook.com\/pg\/yungayino.cl\/photos\/?tab=album&amp;album_id=2785094944838860&#8243; target=\u00bbblank\u00bb size=\u00bb7&#8243; radius=\u00bbround\u00bb icon=\u00bbicon: facebook-square\u00bb]FOTOGRAF\u00cdAS &#8211; Lucho Castillo Estrena el Espect\u00e1culo Musical Folcl\u00f3rico \u201cDel Campo Nac\u00ed Semilla\u201d[\/su_button]<\/p>\n","protected":false},"excerpt":{"rendered":"<p>Yungay, viernes 9 agosto 2019: Durante el mes de agosto, en el marco de la celebraci\u00f3n del D\u00eda Mundial del Folclor, el destacado folclorista nacional presentar\u00e1 la obra en Yungay y en Santiago. El&#46;&#46;&#46;<\/p>\n","protected":false},"author":2,"featured_media":21113,"comment_status":"closed","ping_status":"open","sticky":false,"template":"","format":"standard","meta":{"footnotes":""},"categories":[3,5,1],"tags":[2046,512,628,1115,8,6,117],"class_list":["post-21112","post","type-post","status-publish","format-standard","has-post-thumbnail","hentry","category-actualidad","category-eventos","category-noticias","tag-del-campo-naci-semilla","tag-folclor","tag-lucho-castillo","tag-noticias","tag-yungay","tag-yungayino","tag-yungayinocl"],"_links":{"self":[{"href":"https:\/\/www.yungayino.cl\/noticias\/index.php?rest_route=\/wp\/v2\/posts\/21112","targetHints":{"allow":["GET"]}}],"collection":[{"href":"https:\/\/www.yungayino.cl\/noticias\/index.php?rest_route=\/wp\/v2\/posts"}],"about":[{"href":"https:\/\/www.yungayino.cl\/noticias\/index.php?rest_route=\/wp\/v2\/types\/post"}],"author":[{"embeddable":true,"href":"https:\/\/www.yungayino.cl\/noticias\/index.php?rest_route=\/wp\/v2\/users\/2"}],"replies":[{"embeddable":true,"href":"https:\/\/www.yungayino.cl\/noticias\/index.php?rest_route=%2Fwp%2Fv2%2Fcomments&post=21112"}],"version-history":[{"count":3,"href":"https:\/\/www.yungayino.cl\/noticias\/index.php?rest_route=\/wp\/v2\/posts\/21112\/revisions"}],"predecessor-version":[{"id":21116,"href":"https:\/\/www.yungayino.cl\/noticias\/index.php?rest_route=\/wp\/v2\/posts\/21112\/revisions\/21116"}],"wp:featuredmedia":[{"embeddable":true,"href":"https:\/\/www.yungayino.cl\/noticias\/index.php?rest_route=\/wp\/v2\/media\/21113"}],"wp:attachment":[{"href":"https:\/\/www.yungayino.cl\/noticias\/index.php?rest_route=%2Fwp%2Fv2%2Fmedia&parent=21112"}],"wp:term":[{"taxonomy":"category","embeddable":true,"href":"https:\/\/www.yungayino.cl\/noticias\/index.php?rest_route=%2Fwp%2Fv2%2Fcategories&post=21112"},{"taxonomy":"post_tag","embeddable":true,"href":"https:\/\/www.yungayino.cl\/noticias\/index.php?rest_route=%2Fwp%2Fv2%2Ftags&post=21112"}],"curies":[{"name":"wp","href":"https:\/\/api.w.org\/{rel}","templated":true}]}}