{"id":21132,"date":"2019-08-16T16:00:10","date_gmt":"2019-08-16T19:00:10","guid":{"rendered":"http:\/\/www.yungayino.cl\/noticias\/?p=21132"},"modified":"2019-08-16T20:45:17","modified_gmt":"2019-08-16T23:45:17","slug":"posta-rural-de-san-antonio-de-yungay-celebro-un-nuevo-aniversario-2","status":"publish","type":"post","link":"https:\/\/www.yungayino.cl\/noticias\/?p=21132","title":{"rendered":"Posta Rural de San Antonio de Yungay Celebr\u00f3 un Nuevo Aniversario"},"content":{"rendered":"<p><img loading=\"lazy\" decoding=\"async\" class=\"alignnone size-full wp-image-21133\" src=\"http:\/\/www.yungayino.cl\/noticias\/wp-content\/uploads\/2019\/08\/san_antonio_posta_aniversario_2019.jpg\" alt=\"\" width=\"700\" height=\"350\" srcset=\"https:\/\/www.yungayino.cl\/noticias\/wp-content\/uploads\/2019\/08\/san_antonio_posta_aniversario_2019.jpg 700w, https:\/\/www.yungayino.cl\/noticias\/wp-content\/uploads\/2019\/08\/san_antonio_posta_aniversario_2019-300x150.jpg 300w\" sizes=\"auto, (max-width: 700px) 100vw, 700px\" \/><\/p>\n<p style=\"text-align: justify;\">Yungay, viernes 16 de agosto 2019: Con un acto realizado el mi\u00e9rcoles 14 de agosto a las 12:00 horas se conmemoraron los 33 A\u00f1os de Aniversario de la Posta Rural \u201cPedro Ben\u00edtez Murillo\u201d, ubicada en el Sector Cordillerano de San Antonio, a 22 kil\u00f3metros de Yungay, donde se reuni\u00f3 a funcionarios y vecinos del sector cordillerano.<\/p>\n<p style=\"text-align: justify;\"><iframe loading=\"lazy\" style=\"border: none; overflow: hidden;\" src=\"https:\/\/www.facebook.com\/plugins\/post.php?href=https:\/\/www.facebook.com\/yungayino.cl\/posts\/2799663410048680?__xts__%5B0%5D=68.ARBD8xsR-anlKCwwjuFx-UywHf6il1EgVOQ8NGpk1s190efTNc1a4DdCo70yBTsJUaXQpdJll8msUFiDKMvCvYNSw7DW-TAmzByV185PjXKWza7MfL4r5vmVsCX4SpG2XXucZmImlqT-4XJUxlTLWlOK4cjP9ylyy0_XIK8MvHvf0soJoe-8ztI-HgAhEWIrXAMQY_NYAr7PrSDIzuXsD20_ne_FUWMD_YWH55lcQDBXVzNCcjim93LjgCLp76jt_GcSfujOUsohGZv6k56RVw_A1vnVoRGhtLLjJZ1w8svoZiFzBq0s4TR0vYeAc88d9U-GzHkSmoXi_W8TBSYajK95lNBi1NIBXnplF7y2rWNMycsv7LdXmleGdGCXEX9sUqdhCBRC7OPEwFJGRmqxmmOaCPUAoGHaVqHqCq71g6GEH7p6cHEEX-mwFdffft9XPD9XsU0RR9JVgHwTDsyu&amp;__tn__=-R&amp;l=a77e327dc6&amp;l=f5951f1994&amp;l=bfecbb8adf&amp;l=687b6bf5da&amp;width=500&amp;show_text=true&amp;height=691&amp;appId\" width=\"500\" height=\"691\" frameborder=\"0\" scrolling=\"no\"><\/iframe><\/p>\n<p style=\"text-align: justify;\">La actividad cont\u00f3 con la asistencia del Alcalde Sr. Rafael Cifuentes Rodr\u00edguez, las Concejalas, Srta. Ang\u00e9lica Cabezas y Sra. Patricia Moncada, Concejal Sr. Juan Quezada, el Director del Departamento de Salud Municipal, Sr. Rodolfo San Mart\u00edn, el Director del CESFAM Campanario, Sr. Juan Pablo Fern\u00e1ndez, la Jefa Dideco Sra. Pamela Jelvez, la Sra. Daniela Silva, Encargada de la Posta, adem\u00e1s de autoridades locales, dirigentes, vecinos e invitados especiales, quienes interpretaron el Himno Nacional para dar inicio al acto.<\/p>\n<p style=\"text-align: justify;\">El alcalde Rafael Cifuentes Rodr\u00edguez salud\u00f3 y agradeci\u00f3 el trabajo que realizan los funcionarios de la atenci\u00f3n primaria de nuestra comuna, por su compromiso y dedicaci\u00f3n, tambi\u00e9n agradeci\u00f3 a la familia de don \u201cPedro Ben\u00edtez Murillo\u201d a trav\u00e9s de su viuda la Sra. Orosmira Molina, quien fuera el que don\u00f3 el terreno, donde se ubica actualmente la posta. En la instancia, tambi\u00e9n aprovech\u00f3 de presentar al nuevo Jefe de Salud comunal, quien se integr\u00f3 al equipo este lunes, Sr. Rodolfo San Mart\u00edn V\u00e1squez.<\/p>\n<p style=\"text-align: justify;\">\u00abQuiero comprometerme a seguir esforz\u00e1ndonos para mejorar el servicio de atenci\u00f3n primaria en nuestra comuna, con la futura compra de un veh\u00edculo para el departamento de salud que contribuir\u00e1 a facilitar el traslado de funcionarios y las rondas de salud de los sectores rurales\u00bb, se\u00f1al\u00f3 el Jefe Comunal.<\/p>\n<p style=\"text-align: justify;\">Finalmente destacar que nuestro baile nacional y la participaci\u00f3n de ni\u00f1os y j\u00f3venes de la Escuela de los Mayos y el Liceo de Yungay coronaron la ceremonia con bellas presentaciones art\u00edsticas, para luego terminar con un c\u00f3ctel.<\/p>\n<p style=\"text-align: justify;\">[su_button url=\u00bbhttps:\/\/www.facebook.com\/pg\/yungayino.cl\/photos\/?tab=album&amp;album_id=2799659626715725&#8243; target=\u00bbblank\u00bb size=\u00bb7&#8243; radius=\u00bbround\u00bb icon=\u00bbicon: facebook-square\u00bb]FOTOGRAF\u00cdAS\u00a0 &#8211;\u00a0 Posta Rural de San Antonio de Yungay Celebr\u00f3 un Nuevo Aniversario[\/su_button]<\/p>\n","protected":false},"excerpt":{"rendered":"<p>Yungay, viernes 16 de agosto 2019: Con un acto realizado el mi\u00e9rcoles 14 de agosto a las 12:00 horas se conmemoraron los 33 A\u00f1os de Aniversario de la Posta Rural \u201cPedro Ben\u00edtez Murillo\u201d, ubicada&#46;&#46;&#46;<\/p>\n","protected":false},"author":2,"featured_media":21133,"comment_status":"closed","ping_status":"open","sticky":false,"template":"","format":"standard","meta":{"footnotes":""},"categories":[1,1676],"tags":[2049,298,1115,2048,65,510,8,6,117],"class_list":["post-21132","post","type-post","status-publish","format-standard","has-post-thumbnail","hentry","category-noticias","category-salud","tag-33-anos","tag-aniversario","tag-noticias","tag-posta-rural","tag-salud","tag-san-antonio","tag-yungay","tag-yungayino","tag-yungayinocl"],"_links":{"self":[{"href":"https:\/\/www.yungayino.cl\/noticias\/index.php?rest_route=\/wp\/v2\/posts\/21132","targetHints":{"allow":["GET"]}}],"collection":[{"href":"https:\/\/www.yungayino.cl\/noticias\/index.php?rest_route=\/wp\/v2\/posts"}],"about":[{"href":"https:\/\/www.yungayino.cl\/noticias\/index.php?rest_route=\/wp\/v2\/types\/post"}],"author":[{"embeddable":true,"href":"https:\/\/www.yungayino.cl\/noticias\/index.php?rest_route=\/wp\/v2\/users\/2"}],"replies":[{"embeddable":true,"href":"https:\/\/www.yungayino.cl\/noticias\/index.php?rest_route=%2Fwp%2Fv2%2Fcomments&post=21132"}],"version-history":[{"count":3,"href":"https:\/\/www.yungayino.cl\/noticias\/index.php?rest_route=\/wp\/v2\/posts\/21132\/revisions"}],"predecessor-version":[{"id":21136,"href":"https:\/\/www.yungayino.cl\/noticias\/index.php?rest_route=\/wp\/v2\/posts\/21132\/revisions\/21136"}],"wp:featuredmedia":[{"embeddable":true,"href":"https:\/\/www.yungayino.cl\/noticias\/index.php?rest_route=\/wp\/v2\/media\/21133"}],"wp:attachment":[{"href":"https:\/\/www.yungayino.cl\/noticias\/index.php?rest_route=%2Fwp%2Fv2%2Fmedia&parent=21132"}],"wp:term":[{"taxonomy":"category","embeddable":true,"href":"https:\/\/www.yungayino.cl\/noticias\/index.php?rest_route=%2Fwp%2Fv2%2Fcategories&post=21132"},{"taxonomy":"post_tag","embeddable":true,"href":"https:\/\/www.yungayino.cl\/noticias\/index.php?rest_route=%2Fwp%2Fv2%2Ftags&post=21132"}],"curies":[{"name":"wp","href":"https:\/\/api.w.org\/{rel}","templated":true}]}}